{"id":152653,"date":"2019-07-05T09:43:52","date_gmt":"2019-07-05T13:43:52","guid":{"rendered":"http:\/\/olympique.ca\/?post_type=press&#038;p=152653"},"modified":"2019-07-05T09:44:36","modified_gmt":"2019-07-05T13:44:36","slug":"devoilement-des-equipes-canadiennes-de-water-polo-pour-les-jeux-panamericains-de-lima-2019","status":"publish","type":"press","link":"https:\/\/preprod.olympic.ca\/olympique\/presse\/devoilement-des-equipes-canadiennes-de-water-polo-pour-les-jeux-panamericains-de-lima-2019\/","title":{"rendered":"D\u00e9voilement des \u00e9quipes canadiennes de water-polo pour les Jeux panam\u00e9ricains de Lima 2019"},"content":{"rendered":"<p><span style=\"font-weight:300;\">OTTAWA (le 5 juillet 2019) \u2013 Vendredi, Water Polo Canada et le Comit\u00e9 olympique canadien ont d\u00e9voil\u00e9 le nom des athl\u00e8tes s\u00e9lectionn\u00e9s pour repr\u00e9senter le Canada aux tournois masculin et f\u00e9minin des Jeux panam\u00e9ricains de Lima 2019.\u00a0<\/span><\/p>\n<p><span style=\"font-weight:300;\">L\u2019\u00e9quipe canadienne f\u00e9minine se pr\u00e9sentera au P\u00e9rou avec beaucoup d\u2019exp\u00e9rience puisque six des 11 joueuses ont d\u00e9croch\u00e9 la m\u00e9daille d\u2019argent des Jeux panam\u00e9ricains de Toronto en 2015. \u00c9tant mont\u00e9 sur le podium \u00e0 chacune des \u00e9ditions pr\u00e9c\u00e9dentes des Jeux panam\u00e9ricains, les Canadiennes chercheront \u00e0 r\u00e9p\u00e9ter leur performance des Jeux panam\u00e9ricains de Winnipeg en 1999 quand elles ont remport\u00e9 l\u2019or en battant les \u00c9tats-Unis en finale.<\/span><\/p>\n<p><span style=\"font-weight:300;\">Joelle Bekhazi de Montr\u00e9al au Qu\u00e9bec repr\u00e9sentera le Canada aux Jeux panam\u00e9ricains pour la quatri\u00e8me fois.<\/span><\/p>\n<p><span style=\"font-weight:300;\">\u00ab C\u2019est toujours une exp\u00e9rience palpitante de participer \u00e0 de grands Jeux. Repr\u00e9senter \u00c9quipe Canada procure toujours une grande fiert\u00e9. Rien ne signifie plus que de compter sur un \u00e9norme groupe d\u2019athl\u00e8tes canadiens, de membres du personnel et d\u2019\u00e9quipes de soutien int\u00e9gr\u00e9 qui t\u2019appuient bruyamment en arborant la feuille d\u2019\u00e9rable avec beaucoup de fiert\u00e9. \u00bb<\/span><\/p>\n<p><span style=\"font-weight:300;\">L\u2019exp\u00e9rience de Bekhazi sera d\u2019une valeur immense pour les joueuses plus jeunes qui participeront aux Jeux panam\u00e9ricains pour la premi\u00e8re fois.<\/span><\/p>\n<p><span style=\"font-weight:300;\">\u00ab Il s\u2019agira de mes quatri\u00e8mes Jeux panam\u00e9ricains. J\u2019ai v\u00e9cu quelque chose de diff\u00e9rent au cours des trois Jeux pr\u00e9c\u00e9dents. Lima 2019 sera un autre moment important de ma carri\u00e8re et c\u2019est une belle occasion pour nous de nous qualifier pour les Jeux olympiques de Tokyo 2020. Mon approche pour ces Jeux sera d\u2019\u00eatre concentr\u00e9e et de contribuer \u00e0 mener l\u2019\u00e9quipe \u00e0 ce tournoi puisqu\u2019il y aura beaucoup de pression et ce sera quelque chose de nouveau pour les jeunes joueuses. Mon objectif est d\u2019offrir mon exp\u00e9rience \u00e0 l\u2019\u00e9quipe et je sais que nous y vivrons un grand moment. Nous avons un excellent groupe de filles et j\u2019ai vraiment confiance en elles. \u00bb<\/span><\/p>\n<p><span style=\"font-weight:300;\">Men\u00e9e par les v\u00e9t\u00e9rans Nicolas Constantin-Bicari et George Torakis, l\u2019\u00e9quipe canadienne masculine est compos\u00e9e de plusieurs jeunes joueurs dynamiques qui en seront \u00e0 une premi\u00e8re participation aux Jeux panam\u00e9ricains. Le Canada a d\u00e9croch\u00e9 une m\u00e9daille de bronze au tournoi masculin des Jeux de Toronto en 2015. Le meilleur r\u00e9sultat des Canadiens aux Jeux panam\u00e9ricains est une m\u00e9daille d\u2019argent remport\u00e9e en 2011 \u00e0 Guadalajara au Mexique.<\/span><\/p>\n<p><span style=\"font-weight:300;\">Parmi les recrues \u00e0 ces Jeux panam\u00e9ricains, Reuel D\u2019Souza se dit pr\u00eat \u00e0 relever le d\u00e9fi.<\/span><\/p>\n<p><span style=\"font-weight:300;\">\u00ab Nous avons v\u00e9cu beaucoup d\u2019\u00e9motions en route vers les Jeux panam\u00e9ricains; je suis enthousiaste et tr\u00e8s engag\u00e9 \u00e0 tout donner pour tenter de r\u00e9aliser le r\u00eave d\u2019une vie. C\u2019est un peu surr\u00e9aliste que la premi\u00e8re occasion d\u2019obtenir une place aux Jeux olympiques se d\u00e9roule dans quelques semaines seulement, mais nous sommes concentr\u00e9s pour tenter ensemble de r\u00e9aliser cet objectif commun. \u00bb<\/span><\/p>\n<p><span style=\"font-weight:300;\">L\u2019enjeu sera particuli\u00e8rement \u00e9lev\u00e9 pour les \u00e9quipes masculine et f\u00e9minine de water-polo puisque les Jeux panam\u00e9ricains de Lima 2019 repr\u00e9sentent une occasion cruciale de qualification olympique. Les m\u00e9daill\u00e9s d\u2019or, chez les hommes et chez les femmes, obtiendront automatiquement d\u2019une place aux Jeux olympiques de Tokyo 2020.<\/span><\/p>\n<p><span style=\"font-weight:300;\">Le tournoi de water-polo se d\u00e9roulera au Complejo Deportivo Villa Maria del Triunfo, du 5 au 10 ao\u00fbt 2019. Cet \u00e9t\u00e9, les Canadiennes affronteront les \u00e9quipes nationales du Br\u00e9sil, de Cuba, du P\u00e9rou, de Porto Rico, du Venezuela et des \u00c9tats-Unis. Les hommes joueront contre l\u2019Argentine, le Br\u00e9sil, Cuba, le Mexique, le P\u00e9rou, Porto Rico et les \u00c9tats-Unis.<\/span><\/p>\n<p><span style=\"font-weight:300;\">Voici le nom des athl\u00e8tes et du personnel s\u00e9lectionn\u00e9s :<\/span><\/p>\n<p><b>\u00c9quipe nationale f\u00e9minine<br \/>\n<\/b><span style=\"font-weight:300;\">Krystina Alogbo (Rivi\u00e8re-des-Prairies, Qu\u00e9bec)<br \/>\n<\/span><span style=\"font-weight:300;\">Joelle Bekhazi (Montr\u00e9al, Qu\u00e9bec)<br \/>\n<\/span><span style=\"font-weight:300;\">Kyra Christmas (High River, Alberta)<br \/>\n<\/span><span style=\"font-weight:300;\">Monika Eggens (Pitt Meadows, C.-B.)<br \/>\n<\/span><span style=\"font-weight:300;\">Shae Fournier (Winnipeg, Manitoba)<br \/>\n<\/span><span style=\"font-weight:300;\">Jessica Gaudreault (Ottawa, Ontario)<br \/>\n<\/span><span style=\"font-weight:300;\">Elyse Lemay-Lavoie (Montr\u00e9al, Qu\u00e9bec)<br \/>\n<\/span><span style=\"font-weight:300;\">Kelly McKee (Calgary, Alberta)<br \/>\n<\/span><span style=\"font-weight:300;\">Hayley McKelvey (North Delta, C.-B.)<br \/>\n<\/span><span style=\"font-weight:300;\">Kindred Paul (Spruce Grove, Alberta)<br \/>\n<\/span><span style=\"font-weight:300;\">Emma Wright (Lindsay, Ontario)<\/span><\/p>\n<p><b>\u00c9quipe nationale f\u00e9minine \u2013 Personnel<br \/>\n<\/b><span style=\"font-weight:300;\">Entra\u00eeneur-chef : David Paradelo (Montr\u00e9al, Qu\u00e9bec)<br \/>\n<\/span><span style=\"font-weight:300;\">Entra\u00eeneure adjointe : Cora Campbell (Montr\u00e9al, Qu\u00e9bec)<br \/>\n<\/span><span style=\"font-weight:300;\">Entra\u00eeneur adjoint : Andrew Robinson (Lachine, Qu\u00e9bec)<\/span><\/p>\n<p><b>\u00c9quipe nationale masculine<br \/>\n<\/b><span style=\"font-weight:300;\">Nicolas Constantin-Bicari (Repentigny, Qu\u00e9bec)<br \/>\n<\/span><span style=\"font-weight:300;\">J\u00e9r\u00e9mie C\u00f4t\u00e9 (Pointe-Claire, Qu\u00e9bec)<br \/>\n<\/span><span style=\"font-weight:300;\">Bogdan Djerkovic (Ottawa, Ontario)<br \/>\n<\/span><span style=\"font-weight:300;\">Reuel D\u2019Souza (Port Coquitlam, C.-B.)<br \/>\n<\/span><span style=\"font-weight:300;\">Aleksa Gardijan (Gatineau, Qu\u00e9bec)<br \/>\n<\/span><span style=\"font-weight:300;\">Matthew Halajian (Maple Ridge, C.-B.)<br \/>\n<\/span><span style=\"font-weight:300;\">Gaelan Patterson (North Vancouver, C.-B.)<br \/>\n<\/span><span style=\"font-weight:300;\">Milan Radenovic (Toronto, Ontario)<br \/>\n<\/span><span style=\"font-weight:300;\">Aria Soleimanipak (Montr\u00e9al, Qu\u00e9bec)<br \/>\n<\/span><span style=\"font-weight:300;\">Mark Spooner (Port Coquitlam, C.-B.)<br \/>\n<\/span><span style=\"font-weight:300;\">George Torakis (Calgary, Alberta)<\/span><span style=\"font-weight:300;\">\u00a0<\/span><\/p>\n<p><b>\u00c9quipe nationale masculine \u2013 personnel<br \/>\n<\/b><span style=\"font-weight:300;\">Entra\u00eeneur-chef : Giuseppe Porzio (Naples, Italie)<br \/>\n<\/span><span style=\"font-weight:300;\">Entra\u00eeneur adjoint : Brian Parillo (Montr\u00e9al, Qu\u00e9bec)<\/span><\/p>\n<p style=\"text-align:center;\"><span style=\"font-weight:300;\">-30-<\/span><\/p>\n<p><span style=\"font-weight:300;\">CONTACTS POUR LES M\u00c9DIAS<\/span><\/p>\n<p><span style=\"font-weight:300;\">Myl\u00e8ne Turcotte-Fitzgerald, Communications<br \/>\n<\/span><span style=\"font-weight:300;\">Water Polo Canada<br \/>\n<\/span><span style=\"font-weight:300;\">Courriel : <\/span><a href=\"mailto:mfitzgerald@waterpolo.ca\"><span style=\"font-weight:300;\">mfitzgerald@waterpolo.ca<\/span><\/a><br \/>\n<span style=\"font-weight:300;\">T\u00e9l. : 613-748-5682, poste 325<\/span><\/p>\n<p><span style=\"font-weight:300;\">Josh Su, sp\u00e9cialiste des relations publiques<br \/>\n<\/span><span style=\"font-weight:300;\">Comit\u00e9 olympique canadien<br \/>\n<\/span><span style=\"font-weight:300;\">Cell. : 647-464-4060<br \/>\n<\/span><span style=\"font-weight:300;\">Courriel : <\/span><a href=\"mailto:jsu@olympique.ca\"><span style=\"font-weight:300;\">jsu@olympique.ca<\/span><\/a><\/p>\n","protected":false},"excerpt":{"rendered":"<p>OTTAWA (le 5 juillet 2019) \u2013 Vendredi, Water Polo Canada et le Comit\u00e9 olympique canadien ont d\u00e9voil\u00e9 le nom des&#8230;<\/p>\n","protected":false},"featured_media":152655,"template":"","format":"standard","tags":[],"type-of-press":[496138],"press-topic":[415987821],"years":[415988137],"class_list":["post-152653","press","type-press","status-publish","format-standard","has-post-thumbnail","hentry","type-of-press-communiques","press-topic-lima-2019","years-415988137"],"acf":[],"yoast_head":"<!-- This site is optimized with the Yoast SEO plugin v27.3 - https:\/\/yoast.com\/product\/yoast-seo-wordpress\/ -->\n<title>D\u00e9voilement des \u00e9quipes canadiennes de water-polo pour les Jeux panam\u00e9ricains de Lima 2019 - \u00c9quipe Canada | Site officiel de l&#039;\u00e9quipe olympique<\/title>\n<meta name=\"robots\" content=\"index, follow, max-snippet:-1, max-image-preview:large, max-video-preview:-1\" \/>\n<link rel=\"canonical\" href=\"https:\/\/preprod.olympic.ca\/olympique\/presse\/devoilement-des-equipes-canadiennes-de-water-polo-pour-les-jeux-panamericains-de-lima-2019\/\" \/>\n<meta property=\"og:locale\" content=\"fr_FR\" \/>\n<meta property=\"og:type\" content=\"article\" \/>\n<meta property=\"og:title\" content=\"D\u00e9voilement des \u00e9quipes canadiennes de water-polo pour les Jeux panam\u00e9ricains de Lima 2019 - \u00c9quipe Canada | Site officiel de l&#039;\u00e9quipe olympique\" \/>\n<meta property=\"og:description\" content=\"OTTAWA (le 5 juillet 2019) \u2013 Vendredi, Water Polo Canada et le Comit\u00e9 olympique canadien ont d\u00e9voil\u00e9 le nom des...\" \/>\n<meta property=\"og:url\" content=\"https:\/\/preprod.olympic.ca\/olympique\/presse\/devoilement-des-equipes-canadiennes-de-water-polo-pour-les-jeux-panamericains-de-lima-2019\/\" \/>\n<meta property=\"og:site_name\" content=\"\u00c9quipe Canada | Site officiel de l&#039;\u00e9quipe olympique\" \/>\n<meta property=\"article:modified_time\" content=\"2019-07-05T13:44:36+00:00\" \/>\n<meta property=\"og:image\" content=\"https:\/\/preprod.olympic.ca\/olympique\/wp-content\/uploads\/sites\/2\/2019\/07\/feature-image-water-polo.png\" \/>\n\t<meta property=\"og:image:width\" content=\"1340\" \/>\n\t<meta property=\"og:image:height\" content=\"754\" \/>\n\t<meta property=\"og:image:type\" content=\"image\/png\" \/>\n<meta name=\"twitter:card\" content=\"summary_large_image\" \/>\n<meta name=\"twitter:label1\" content=\"Est. reading time\" \/>\n\t<meta name=\"twitter:data1\" content=\"4 minutes\" \/>\n\t<meta name=\"twitter:label2\" content=\"Written by\" \/>\n\t<meta name=\"twitter:data2\" content=\"sjsokol\" \/>\n<script type=\"application\/ld+json\" class=\"yoast-schema-graph\">{\"@context\":\"https:\\\/\\\/schema.org\",\"@graph\":[{\"@type\":\"WebPage\",\"@id\":\"https:\\\/\\\/preprod.olympic.ca\\\/olympique\\\/presse\\\/devoilement-des-equipes-canadiennes-de-water-polo-pour-les-jeux-panamericains-de-lima-2019\\\/\",\"url\":\"https:\\\/\\\/preprod.olympic.ca\\\/olympique\\\/presse\\\/devoilement-des-equipes-canadiennes-de-water-polo-pour-les-jeux-panamericains-de-lima-2019\\\/\",\"name\":\"D\u00e9voilement des \u00e9quipes canadiennes de water-polo pour les Jeux panam\u00e9ricains de Lima 2019 - \u00c9quipe Canada | Site officiel de l&#039;\u00e9quipe olympique\",\"isPartOf\":{\"@id\":\"https:\\\/\\\/preprod.olympic.ca\\\/olympique\\\/#website\"},\"primaryImageOfPage\":{\"@id\":\"https:\\\/\\\/preprod.olympic.ca\\\/olympique\\\/presse\\\/devoilement-des-equipes-canadiennes-de-water-polo-pour-les-jeux-panamericains-de-lima-2019\\\/#primaryimage\"},\"image\":{\"@id\":\"https:\\\/\\\/preprod.olympic.ca\\\/olympique\\\/presse\\\/devoilement-des-equipes-canadiennes-de-water-polo-pour-les-jeux-panamericains-de-lima-2019\\\/#primaryimage\"},\"thumbnailUrl\":\"https:\\\/\\\/preprod.olympic.ca\\\/olympique\\\/wp-content\\\/uploads\\\/sites\\\/2\\\/2019\\\/07\\\/feature-image-water-polo.png\",\"datePublished\":\"2019-07-05T13:43:52+00:00\",\"dateModified\":\"2019-07-05T13:44:36+00:00\",\"inLanguage\":\"fr-FR\",\"potentialAction\":[{\"@type\":\"ReadAction\",\"target\":[\"https:\\\/\\\/preprod.olympic.ca\\\/olympique\\\/presse\\\/devoilement-des-equipes-canadiennes-de-water-polo-pour-les-jeux-panamericains-de-lima-2019\\\/\"]}]},{\"@type\":\"ImageObject\",\"inLanguage\":\"fr-FR\",\"@id\":\"https:\\\/\\\/preprod.olympic.ca\\\/olympique\\\/presse\\\/devoilement-des-equipes-canadiennes-de-water-polo-pour-les-jeux-panamericains-de-lima-2019\\\/#primaryimage\",\"url\":\"https:\\\/\\\/preprod.olympic.ca\\\/olympique\\\/wp-content\\\/uploads\\\/sites\\\/2\\\/2019\\\/07\\\/feature-image-water-polo.png\",\"contentUrl\":\"https:\\\/\\\/preprod.olympic.ca\\\/olympique\\\/wp-content\\\/uploads\\\/sites\\\/2\\\/2019\\\/07\\\/feature-image-water-polo.png\",\"width\":1340,\"height\":754},{\"@type\":\"WebSite\",\"@id\":\"https:\\\/\\\/preprod.olympic.ca\\\/olympique\\\/#website\",\"url\":\"https:\\\/\\\/preprod.olympic.ca\\\/olympique\\\/\",\"name\":\"\u00c9quipe Canada | Site officiel de l&#039;\u00e9quipe olympique\",\"description\":\"Votre source pour l\u2019\u00c9quipe olympique canadienne. Retrouvez les r\u00e9cits, vid\u00e9os et photos des athl\u00e8tes canadiens, sports olympiques, Jeux olympiques de 2020 et bien plus!\",\"potentialAction\":[{\"@type\":\"SearchAction\",\"target\":{\"@type\":\"EntryPoint\",\"urlTemplate\":\"https:\\\/\\\/preprod.olympic.ca\\\/olympique\\\/?s={search_term_string}\"},\"query-input\":{\"@type\":\"PropertyValueSpecification\",\"valueRequired\":true,\"valueName\":\"search_term_string\"}}],\"inLanguage\":\"fr-FR\"}]}<\/script>\n<!-- \/ Yoast SEO plugin. -->","yoast_head_json":{"title":"D\u00e9voilement des \u00e9quipes canadiennes de water-polo pour les Jeux panam\u00e9ricains de Lima 2019 - \u00c9quipe Canada | Site officiel de l&#039;\u00e9quipe olympique","robots":{"index":"index","follow":"follow","max-snippet":"max-snippet:-1","max-image-preview":"max-image-preview:large","max-video-preview":"max-video-preview:-1"},"canonical":"https:\/\/preprod.olympic.ca\/olympique\/presse\/devoilement-des-equipes-canadiennes-de-water-polo-pour-les-jeux-panamericains-de-lima-2019\/","og_locale":"fr_FR","og_type":"article","og_title":"D\u00e9voilement des \u00e9quipes canadiennes de water-polo pour les Jeux panam\u00e9ricains de Lima 2019 - \u00c9quipe Canada | Site officiel de l&#039;\u00e9quipe olympique","og_description":"OTTAWA (le 5 juillet 2019) \u2013 Vendredi, Water Polo Canada et le Comit\u00e9 olympique canadien ont d\u00e9voil\u00e9 le nom des...","og_url":"https:\/\/preprod.olympic.ca\/olympique\/presse\/devoilement-des-equipes-canadiennes-de-water-polo-pour-les-jeux-panamericains-de-lima-2019\/","og_site_name":"\u00c9quipe Canada | Site officiel de l&#039;\u00e9quipe olympique","article_modified_time":"2019-07-05T13:44:36+00:00","og_image":[{"width":1340,"height":754,"url":"https:\/\/preprod.olympic.ca\/olympique\/wp-content\/uploads\/sites\/2\/2019\/07\/feature-image-water-polo.png","type":"image\/png"}],"twitter_card":"summary_large_image","twitter_misc":{"Est. reading time":"4 minutes","Written by":"sjsokol"},"schema":{"@context":"https:\/\/schema.org","@graph":[{"@type":"WebPage","@id":"https:\/\/preprod.olympic.ca\/olympique\/presse\/devoilement-des-equipes-canadiennes-de-water-polo-pour-les-jeux-panamericains-de-lima-2019\/","url":"https:\/\/preprod.olympic.ca\/olympique\/presse\/devoilement-des-equipes-canadiennes-de-water-polo-pour-les-jeux-panamericains-de-lima-2019\/","name":"D\u00e9voilement des \u00e9quipes canadiennes de water-polo pour les Jeux panam\u00e9ricains de Lima 2019 - \u00c9quipe Canada | Site officiel de l&#039;\u00e9quipe olympique","isPartOf":{"@id":"https:\/\/preprod.olympic.ca\/olympique\/#website"},"primaryImageOfPage":{"@id":"https:\/\/preprod.olympic.ca\/olympique\/presse\/devoilement-des-equipes-canadiennes-de-water-polo-pour-les-jeux-panamericains-de-lima-2019\/#primaryimage"},"image":{"@id":"https:\/\/preprod.olympic.ca\/olympique\/presse\/devoilement-des-equipes-canadiennes-de-water-polo-pour-les-jeux-panamericains-de-lima-2019\/#primaryimage"},"thumbnailUrl":"https:\/\/preprod.olympic.ca\/olympique\/wp-content\/uploads\/sites\/2\/2019\/07\/feature-image-water-polo.png","datePublished":"2019-07-05T13:43:52+00:00","dateModified":"2019-07-05T13:44:36+00:00","inLanguage":"fr-FR","potentialAction":[{"@type":"ReadAction","target":["https:\/\/preprod.olympic.ca\/olympique\/presse\/devoilement-des-equipes-canadiennes-de-water-polo-pour-les-jeux-panamericains-de-lima-2019\/"]}]},{"@type":"ImageObject","inLanguage":"fr-FR","@id":"https:\/\/preprod.olympic.ca\/olympique\/presse\/devoilement-des-equipes-canadiennes-de-water-polo-pour-les-jeux-panamericains-de-lima-2019\/#primaryimage","url":"https:\/\/preprod.olympic.ca\/olympique\/wp-content\/uploads\/sites\/2\/2019\/07\/feature-image-water-polo.png","contentUrl":"https:\/\/preprod.olympic.ca\/olympique\/wp-content\/uploads\/sites\/2\/2019\/07\/feature-image-water-polo.png","width":1340,"height":754},{"@type":"WebSite","@id":"https:\/\/preprod.olympic.ca\/olympique\/#website","url":"https:\/\/preprod.olympic.ca\/olympique\/","name":"\u00c9quipe Canada | Site officiel de l&#039;\u00e9quipe olympique","description":"Votre source pour l\u2019\u00c9quipe olympique canadienne. Retrouvez les r\u00e9cits, vid\u00e9os et photos des athl\u00e8tes canadiens, sports olympiques, Jeux olympiques de 2020 et bien plus!","potentialAction":[{"@type":"SearchAction","target":{"@type":"EntryPoint","urlTemplate":"https:\/\/preprod.olympic.ca\/olympique\/?s={search_term_string}"},"query-input":{"@type":"PropertyValueSpecification","valueRequired":true,"valueName":"search_term_string"}}],"inLanguage":"fr-FR"}]}},"jetpack_sharing_enabled":true,"_links":{"self":[{"href":"https:\/\/preprod.olympic.ca\/olympique\/wp-json\/wp\/v2\/press\/152653","targetHints":{"allow":["GET"]}}],"collection":[{"href":"https:\/\/preprod.olympic.ca\/olympique\/wp-json\/wp\/v2\/press"}],"about":[{"href":"https:\/\/preprod.olympic.ca\/olympique\/wp-json\/wp\/v2\/types\/press"}],"version-history":[{"count":0,"href":"https:\/\/preprod.olympic.ca\/olympique\/wp-json\/wp\/v2\/press\/152653\/revisions"}],"wp:featuredmedia":[{"embeddable":true,"href":"https:\/\/preprod.olympic.ca\/olympique\/wp-json\/wp\/v2\/media\/152655"}],"wp:attachment":[{"href":"https:\/\/preprod.olympic.ca\/olympique\/wp-json\/wp\/v2\/media?parent=152653"}],"wp:term":[{"taxonomy":"post_tag","embeddable":true,"href":"https:\/\/preprod.olympic.ca\/olympique\/wp-json\/wp\/v2\/tags?post=152653"},{"taxonomy":"type-of-press","embeddable":true,"href":"https:\/\/preprod.olympic.ca\/olympique\/wp-json\/wp\/v2\/type-of-press?post=152653"},{"taxonomy":"press-topic","embeddable":true,"href":"https:\/\/preprod.olympic.ca\/olympique\/wp-json\/wp\/v2\/press-topic?post=152653"},{"taxonomy":"years","embeddable":true,"href":"https:\/\/preprod.olympic.ca\/olympique\/wp-json\/wp\/v2\/years?post=152653"}],"curies":[{"name":"wp","href":"https:\/\/api.w.org\/{rel}","templated":true}]}}