{"id":152842,"date":"2019-07-15T09:45:45","date_gmt":"2019-07-15T13:45:45","guid":{"rendered":"http:\/\/olympique.ca\/?post_type=press&#038;p=152842"},"modified":"2019-07-15T09:45:47","modified_gmt":"2019-07-15T13:45:47","slug":"selection-de-lequipe-canadienne-de-tennis-pour-les-jeux-panamericains-de-lima-2019","status":"publish","type":"press","link":"https:\/\/preprod.olympic.ca\/olympique\/presse\/selection-de-lequipe-canadienne-de-tennis-pour-les-jeux-panamericains-de-lima-2019\/","title":{"rendered":"S\u00e9lection de l\u2019\u00e9quipe canadienne de tennis pour les Jeux panam\u00e9ricains de Lima 2019"},"content":{"rendered":"<p>PHOTO: Tennis Canada<\/p>\n<p style=\"text-align:center;\"><strong><em>Trois athl\u00e8tes repr\u00e9senteront le Canada<\/em><\/strong><\/p>\n<p><span style=\"font-weight:300;\">MONTR\u00c9AL (le 15 juillet 2019) \u2013 <\/span>Le comit\u00e9 olympique canadien et Tennis Canada ont s\u00e9lectionn\u00e9, lundi, les trois athl\u00e8tes qui repr\u00e9senteront le Canada aux Jeux panam\u00e9ricains de 2019. Le tournoi de tennis sera disput\u00e9 du 29\u00a0juillet au 4\u00a0ao\u00fbt, \u00e0 Lima, au P\u00e9rou.<\/p>\n<p>La composition de l\u2019\u00e9quipe canadienne a \u00e9t\u00e9 d\u00e9termin\u00e9e selon les classements de la WTA en date du 10\u00a0juin 2019 et selon l\u2019int\u00e9r\u00eat des joueurs.<\/p>\n<p>Le Canada sera ainsi repr\u00e9sent\u00e9 par trois athl\u00e8tes\u00a0: Rebecca Marino (Vancouver, BC), Alexandra Vagramov (Vancouver, BC) et Jada Bui (Toronto, ON). Marino est la joueuse la mieux class\u00e9e de l\u2019\u00e9quipe en vertu de son 143<sup>e<\/sup>\u00a0rang mondial. L\u2019ex 38<sup>e<\/sup> mondiale a effectu\u00e9 un retour au jeu au d\u00e9but de la saison\u00a02018 apr\u00e8s une absence de plus de cinq ans. Depuis, elle a r\u00e9colt\u00e9 six titres du Circuit Challenger de l\u2019ITF, dont un dot\u00e9 d\u2019une bourse de 60\u2009000\u00a0$ cette ann\u00e9e. Elle a \u00e9galement particip\u00e9 \u00e0 la rencontre de la Fed Cup opposant le Canada \u00e0 la R\u00e9publique tch\u00e8que en avril dernier et a pris part aux qualifications de Roland-Garros et des Internationaux d\u2019Australie.<\/p>\n<p>Vagramov et Bui sont respectivement \u00e2g\u00e9es de 18 et de 17\u00a0ans et sont r\u00e9guli\u00e8rement en action autant chez les juniors que chez les professionnelles. Vagramov a fait son entr\u00e9e dans le Top\u00a0100 (86<sup>e<\/sup> rang) du classement ITF junior au d\u00e9but de la saison\u00a02019, et occupe pr\u00e9sentement le 118<sup>e<\/sup>\u00a0rang. Elle a \u00e9galement r\u00e9ussi \u00e0 se d\u00e9marquer dans quelques tournois professionnels, notamment en acc\u00e9dant \u00e0 la demi-finale et aux quarts de finale d\u2019\u00e9preuves disput\u00e9es en mai \u00e0 Canc\u00fan, au Mexique, et dot\u00e9es d\u2019une bourse de 15\u2009000\u00a0$ chacune. Gr\u00e2ce \u00e0 ces r\u00e9sultats, l\u2019athl\u00e8te de 18\u00a0ans est la 741<sup>e<\/sup>\u00a0raquette mondiale aux classements de la WTA.<\/p>\n<p>Bui, qui occupe le 759<sup>e<\/sup>\u00a0\u00e9chelon de la WTA, est \u00e9galement la 227<sup>e<\/sup>\u00a0meilleure joueuse chez les juniors apr\u00e8s s\u2019\u00eatre hiss\u00e9e au 196<sup>e<\/sup>\u00a0rang en f\u00e9vrier dernier. Elle vient d\u2019ailleurs d\u2019atteindre les quarts de finale du tournoi junior de cat\u00e9gorie\u00a03 disput\u00e9 \u00e0 Vancouver.<\/p>\n<p>En plus de participer au tableau du simple, Vagramov et Bui formeront \u00e9quipe en double.<\/p>\n<p>C\u2019est en 2015 que le Canada a obtenu son meilleur r\u00e9sultat aux Jeux panam\u00e9ricains. La comp\u00e9tition se d\u00e9roulait alors au Centre Aviva de Toronto, foyer de la Coupe Rogers. Le Canada avait r\u00e9colt\u00e9 deux m\u00e9dailles, gr\u00e2ce, notamment \u00e0 Gabriela Dabrowski (Ottawa, ON), qui avait \u00e9t\u00e9 couronn\u00e9e championne du double f\u00e9minin avec Carol Zhao (Richmond Hill, ON) et avait remport\u00e9 une m\u00e9daille d\u2019argent en double mixte avec Philip Bester (Burnaby, BC).<\/p>\n<p><strong>Les athl\u00e8tes et les entra\u00eeneurs s\u00e9lectionn\u00e9s sont :<\/strong><\/p>\n<p>Jada Bui (Toronto, Ontario) &#8211; Simple\/Double<br \/>\nRebecca Marino (Vancouver, C.-B.) &#8211; Simple<br \/>\nAlexandra Vagramov (Vancouver, C.-B.) &#8211; Simple\/Double<br \/>\nRoberto Brogin (North Vancouver, C.-B.) &#8211; Entra\u00eeneur<\/p>\n<p style=\"text-align:center;\">-30-<\/p>\n<p><strong>Renseignements\u00a0:<\/strong><\/p>\n<p>Val\u00e9rie T\u00e9treault, directrice des communications<br \/>\nTennis Canada (Montr\u00e9al)<br \/>\n514-273-1515, poste\u00a06259<br \/>\n<a href=\"mailto:vtetreault@tenniscanada.com\">vtetreault@tenniscanada.com<\/a><\/p>\n<p>Victoria Jaklin, coordonnatrice des communications et des relations m\u00e9dias<br \/>\nTennis Canada (Montr\u00e9al)<br \/>\n514-273-1515, poste\u00a06291<br \/>\n<a href=\"mailto:vjaklin@tenniscanada.com\">vjaklin@tenniscanada.com<\/a><\/p>\n<p>Oliver Wheeler, coordonnateur des communications<br \/>\nTennis Canada (Toronto)<br \/>\n416-665-9777, poste\u00a04545<br \/>\n<a href=\"mailto:owheeler@tenniscanada.com\">owheeler@tenniscanada.com<\/a><\/p>\n<p>Josh Su, sp\u00e9cialiste des relations publiques<br \/>\nComit\u00e9 olympique canadien<br \/>\nCell. : 647-464-4060<br \/>\nCourriel : <a href=\"mailto:jsu@olympic.ca\">jsu@olympique.ca<\/a><\/p>\n","protected":false},"excerpt":{"rendered":"<p>PHOTO: Tennis Canada Trois athl\u00e8tes repr\u00e9senteront le Canada MONTR\u00c9AL (le 15 juillet 2019) \u2013 Le comit\u00e9 olympique canadien et Tennis&#8230;<\/p>\n","protected":false},"featured_media":152843,"template":"","format":"standard","tags":[],"type-of-press":[],"press-topic":[415987821],"years":[415988137],"class_list":["post-152842","press","type-press","status-publish","format-standard","has-post-thumbnail","hentry","press-topic-lima-2019","years-415988137"],"acf":[],"yoast_head":"<!-- This site is optimized with the Yoast SEO plugin v27.3 - https:\/\/yoast.com\/product\/yoast-seo-wordpress\/ -->\n<title>S\u00e9lection de l\u2019\u00e9quipe canadienne de tennis pour les Jeux panam\u00e9ricains de Lima 2019 - \u00c9quipe Canada | Site officiel de l&#039;\u00e9quipe olympique<\/title>\n<meta name=\"robots\" content=\"index, follow, max-snippet:-1, max-image-preview:large, max-video-preview:-1\" \/>\n<link rel=\"canonical\" href=\"https:\/\/preprod.olympic.ca\/olympique\/presse\/selection-de-lequipe-canadienne-de-tennis-pour-les-jeux-panamericains-de-lima-2019\/\" \/>\n<meta property=\"og:locale\" content=\"fr_FR\" \/>\n<meta property=\"og:type\" content=\"article\" \/>\n<meta property=\"og:title\" content=\"S\u00e9lection de l\u2019\u00e9quipe canadienne de tennis pour les Jeux panam\u00e9ricains de Lima 2019 - \u00c9quipe Canada | Site officiel de l&#039;\u00e9quipe olympique\" \/>\n<meta property=\"og:description\" content=\"PHOTO: Tennis Canada Trois athl\u00e8tes repr\u00e9senteront le Canada MONTR\u00c9AL (le 15 juillet 2019) \u2013 Le comit\u00e9 olympique canadien et Tennis...\" \/>\n<meta property=\"og:url\" content=\"https:\/\/preprod.olympic.ca\/olympique\/presse\/selection-de-lequipe-canadienne-de-tennis-pour-les-jeux-panamericains-de-lima-2019\/\" \/>\n<meta property=\"og:site_name\" content=\"\u00c9quipe Canada | Site officiel de l&#039;\u00e9quipe olympique\" \/>\n<meta property=\"article:modified_time\" content=\"2019-07-15T13:45:47+00:00\" \/>\n<meta property=\"og:image\" content=\"https:\/\/preprod.olympic.ca\/olympique\/wp-content\/uploads\/sites\/2\/2019\/07\/feature-image-tennis.png\" \/>\n\t<meta property=\"og:image:width\" content=\"1340\" \/>\n\t<meta property=\"og:image:height\" content=\"754\" \/>\n\t<meta property=\"og:image:type\" content=\"image\/png\" \/>\n<meta name=\"twitter:card\" content=\"summary_large_image\" \/>\n<meta name=\"twitter:label1\" content=\"Est. reading time\" \/>\n\t<meta name=\"twitter:data1\" content=\"3 minutes\" \/>\n\t<meta name=\"twitter:label2\" content=\"Written by\" \/>\n\t<meta name=\"twitter:data2\" content=\"sjsokol\" \/>\n<script type=\"application\/ld+json\" class=\"yoast-schema-graph\">{\"@context\":\"https:\\\/\\\/schema.org\",\"@graph\":[{\"@type\":\"WebPage\",\"@id\":\"https:\\\/\\\/preprod.olympic.ca\\\/olympique\\\/presse\\\/selection-de-lequipe-canadienne-de-tennis-pour-les-jeux-panamericains-de-lima-2019\\\/\",\"url\":\"https:\\\/\\\/preprod.olympic.ca\\\/olympique\\\/presse\\\/selection-de-lequipe-canadienne-de-tennis-pour-les-jeux-panamericains-de-lima-2019\\\/\",\"name\":\"S\u00e9lection de l\u2019\u00e9quipe canadienne de tennis pour les Jeux panam\u00e9ricains de Lima 2019 - \u00c9quipe Canada | Site officiel de l&#039;\u00e9quipe olympique\",\"isPartOf\":{\"@id\":\"https:\\\/\\\/preprod.olympic.ca\\\/olympique\\\/#website\"},\"primaryImageOfPage\":{\"@id\":\"https:\\\/\\\/preprod.olympic.ca\\\/olympique\\\/presse\\\/selection-de-lequipe-canadienne-de-tennis-pour-les-jeux-panamericains-de-lima-2019\\\/#primaryimage\"},\"image\":{\"@id\":\"https:\\\/\\\/preprod.olympic.ca\\\/olympique\\\/presse\\\/selection-de-lequipe-canadienne-de-tennis-pour-les-jeux-panamericains-de-lima-2019\\\/#primaryimage\"},\"thumbnailUrl\":\"https:\\\/\\\/preprod.olympic.ca\\\/olympique\\\/wp-content\\\/uploads\\\/sites\\\/2\\\/2019\\\/07\\\/feature-image-tennis.png\",\"datePublished\":\"2019-07-15T13:45:45+00:00\",\"dateModified\":\"2019-07-15T13:45:47+00:00\",\"inLanguage\":\"fr-FR\",\"potentialAction\":[{\"@type\":\"ReadAction\",\"target\":[\"https:\\\/\\\/preprod.olympic.ca\\\/olympique\\\/presse\\\/selection-de-lequipe-canadienne-de-tennis-pour-les-jeux-panamericains-de-lima-2019\\\/\"]}]},{\"@type\":\"ImageObject\",\"inLanguage\":\"fr-FR\",\"@id\":\"https:\\\/\\\/preprod.olympic.ca\\\/olympique\\\/presse\\\/selection-de-lequipe-canadienne-de-tennis-pour-les-jeux-panamericains-de-lima-2019\\\/#primaryimage\",\"url\":\"https:\\\/\\\/preprod.olympic.ca\\\/olympique\\\/wp-content\\\/uploads\\\/sites\\\/2\\\/2019\\\/07\\\/feature-image-tennis.png\",\"contentUrl\":\"https:\\\/\\\/preprod.olympic.ca\\\/olympique\\\/wp-content\\\/uploads\\\/sites\\\/2\\\/2019\\\/07\\\/feature-image-tennis.png\",\"width\":1340,\"height\":754},{\"@type\":\"WebSite\",\"@id\":\"https:\\\/\\\/preprod.olympic.ca\\\/olympique\\\/#website\",\"url\":\"https:\\\/\\\/preprod.olympic.ca\\\/olympique\\\/\",\"name\":\"\u00c9quipe Canada | Site officiel de l&#039;\u00e9quipe olympique\",\"description\":\"Votre source pour l\u2019\u00c9quipe olympique canadienne. Retrouvez les r\u00e9cits, vid\u00e9os et photos des athl\u00e8tes canadiens, sports olympiques, Jeux olympiques de 2020 et bien plus!\",\"potentialAction\":[{\"@type\":\"SearchAction\",\"target\":{\"@type\":\"EntryPoint\",\"urlTemplate\":\"https:\\\/\\\/preprod.olympic.ca\\\/olympique\\\/?s={search_term_string}\"},\"query-input\":{\"@type\":\"PropertyValueSpecification\",\"valueRequired\":true,\"valueName\":\"search_term_string\"}}],\"inLanguage\":\"fr-FR\"}]}<\/script>\n<!-- \/ Yoast SEO plugin. -->","yoast_head_json":{"title":"S\u00e9lection de l\u2019\u00e9quipe canadienne de tennis pour les Jeux panam\u00e9ricains de Lima 2019 - \u00c9quipe Canada | Site officiel de l&#039;\u00e9quipe olympique","robots":{"index":"index","follow":"follow","max-snippet":"max-snippet:-1","max-image-preview":"max-image-preview:large","max-video-preview":"max-video-preview:-1"},"canonical":"https:\/\/preprod.olympic.ca\/olympique\/presse\/selection-de-lequipe-canadienne-de-tennis-pour-les-jeux-panamericains-de-lima-2019\/","og_locale":"fr_FR","og_type":"article","og_title":"S\u00e9lection de l\u2019\u00e9quipe canadienne de tennis pour les Jeux panam\u00e9ricains de Lima 2019 - \u00c9quipe Canada | Site officiel de l&#039;\u00e9quipe olympique","og_description":"PHOTO: Tennis Canada Trois athl\u00e8tes repr\u00e9senteront le Canada MONTR\u00c9AL (le 15 juillet 2019) \u2013 Le comit\u00e9 olympique canadien et Tennis...","og_url":"https:\/\/preprod.olympic.ca\/olympique\/presse\/selection-de-lequipe-canadienne-de-tennis-pour-les-jeux-panamericains-de-lima-2019\/","og_site_name":"\u00c9quipe Canada | Site officiel de l&#039;\u00e9quipe olympique","article_modified_time":"2019-07-15T13:45:47+00:00","og_image":[{"width":1340,"height":754,"url":"https:\/\/preprod.olympic.ca\/olympique\/wp-content\/uploads\/sites\/2\/2019\/07\/feature-image-tennis.png","type":"image\/png"}],"twitter_card":"summary_large_image","twitter_misc":{"Est. reading time":"3 minutes","Written by":"sjsokol"},"schema":{"@context":"https:\/\/schema.org","@graph":[{"@type":"WebPage","@id":"https:\/\/preprod.olympic.ca\/olympique\/presse\/selection-de-lequipe-canadienne-de-tennis-pour-les-jeux-panamericains-de-lima-2019\/","url":"https:\/\/preprod.olympic.ca\/olympique\/presse\/selection-de-lequipe-canadienne-de-tennis-pour-les-jeux-panamericains-de-lima-2019\/","name":"S\u00e9lection de l\u2019\u00e9quipe canadienne de tennis pour les Jeux panam\u00e9ricains de Lima 2019 - \u00c9quipe Canada | Site officiel de l&#039;\u00e9quipe olympique","isPartOf":{"@id":"https:\/\/preprod.olympic.ca\/olympique\/#website"},"primaryImageOfPage":{"@id":"https:\/\/preprod.olympic.ca\/olympique\/presse\/selection-de-lequipe-canadienne-de-tennis-pour-les-jeux-panamericains-de-lima-2019\/#primaryimage"},"image":{"@id":"https:\/\/preprod.olympic.ca\/olympique\/presse\/selection-de-lequipe-canadienne-de-tennis-pour-les-jeux-panamericains-de-lima-2019\/#primaryimage"},"thumbnailUrl":"https:\/\/preprod.olympic.ca\/olympique\/wp-content\/uploads\/sites\/2\/2019\/07\/feature-image-tennis.png","datePublished":"2019-07-15T13:45:45+00:00","dateModified":"2019-07-15T13:45:47+00:00","inLanguage":"fr-FR","potentialAction":[{"@type":"ReadAction","target":["https:\/\/preprod.olympic.ca\/olympique\/presse\/selection-de-lequipe-canadienne-de-tennis-pour-les-jeux-panamericains-de-lima-2019\/"]}]},{"@type":"ImageObject","inLanguage":"fr-FR","@id":"https:\/\/preprod.olympic.ca\/olympique\/presse\/selection-de-lequipe-canadienne-de-tennis-pour-les-jeux-panamericains-de-lima-2019\/#primaryimage","url":"https:\/\/preprod.olympic.ca\/olympique\/wp-content\/uploads\/sites\/2\/2019\/07\/feature-image-tennis.png","contentUrl":"https:\/\/preprod.olympic.ca\/olympique\/wp-content\/uploads\/sites\/2\/2019\/07\/feature-image-tennis.png","width":1340,"height":754},{"@type":"WebSite","@id":"https:\/\/preprod.olympic.ca\/olympique\/#website","url":"https:\/\/preprod.olympic.ca\/olympique\/","name":"\u00c9quipe Canada | Site officiel de l&#039;\u00e9quipe olympique","description":"Votre source pour l\u2019\u00c9quipe olympique canadienne. Retrouvez les r\u00e9cits, vid\u00e9os et photos des athl\u00e8tes canadiens, sports olympiques, Jeux olympiques de 2020 et bien plus!","potentialAction":[{"@type":"SearchAction","target":{"@type":"EntryPoint","urlTemplate":"https:\/\/preprod.olympic.ca\/olympique\/?s={search_term_string}"},"query-input":{"@type":"PropertyValueSpecification","valueRequired":true,"valueName":"search_term_string"}}],"inLanguage":"fr-FR"}]}},"jetpack_sharing_enabled":true,"_links":{"self":[{"href":"https:\/\/preprod.olympic.ca\/olympique\/wp-json\/wp\/v2\/press\/152842","targetHints":{"allow":["GET"]}}],"collection":[{"href":"https:\/\/preprod.olympic.ca\/olympique\/wp-json\/wp\/v2\/press"}],"about":[{"href":"https:\/\/preprod.olympic.ca\/olympique\/wp-json\/wp\/v2\/types\/press"}],"version-history":[{"count":0,"href":"https:\/\/preprod.olympic.ca\/olympique\/wp-json\/wp\/v2\/press\/152842\/revisions"}],"wp:featuredmedia":[{"embeddable":true,"href":"https:\/\/preprod.olympic.ca\/olympique\/wp-json\/wp\/v2\/media\/152843"}],"wp:attachment":[{"href":"https:\/\/preprod.olympic.ca\/olympique\/wp-json\/wp\/v2\/media?parent=152842"}],"wp:term":[{"taxonomy":"post_tag","embeddable":true,"href":"https:\/\/preprod.olympic.ca\/olympique\/wp-json\/wp\/v2\/tags?post=152842"},{"taxonomy":"type-of-press","embeddable":true,"href":"https:\/\/preprod.olympic.ca\/olympique\/wp-json\/wp\/v2\/type-of-press?post=152842"},{"taxonomy":"press-topic","embeddable":true,"href":"https:\/\/preprod.olympic.ca\/olympique\/wp-json\/wp\/v2\/press-topic?post=152842"},{"taxonomy":"years","embeddable":true,"href":"https:\/\/preprod.olympic.ca\/olympique\/wp-json\/wp\/v2\/years?post=152842"}],"curies":[{"name":"wp","href":"https:\/\/api.w.org\/{rel}","templated":true}]}}