{"id":152847,"date":"2019-07-15T10:45:45","date_gmt":"2019-07-15T14:45:45","guid":{"rendered":"http:\/\/olympique.ca\/?post_type=press&#038;p=152847"},"modified":"2019-07-15T10:45:47","modified_gmt":"2019-07-15T14:45:47","slug":"annonce-de-lequipe-de-tennis-de-table-du-canada-pour-lima-2019","status":"publish","type":"press","link":"https:\/\/preprod.olympic.ca\/olympique\/presse\/annonce-de-lequipe-de-tennis-de-table-du-canada-pour-lima-2019\/","title":{"rendered":"Annonce de l\u2019\u00e9quipe de tennis de table du Canada pour Lima 2019"},"content":{"rendered":"<p><span style=\"font-weight:400;\">OTTAWA (15 juillet 2019) \u2013 Tennis de Table Canada et le Comit\u00e9 olympique canadien ont annonc\u00e9 la composition de l\u2019\u00e9quipe de tennis de table du Canada s\u00e9lectionn\u00e9e pour les Jeux panam\u00e9ricains de Lima 2019.<\/span><\/p>\n<p><span style=\"font-weight:400;\">Alicia C\u00f4t\u00e9 de Drummondville, au Qu\u00e9bec a amass\u00e9 beaucoup d\u2019exp\u00e9rience ces derni\u00e8res ann\u00e9es avec la formation du Linz AG Froschberg qui \u00e9volue dans la ligue d\u2019Autriche, participant aux Championnats du monde, aux Championnats panam\u00e9ricains et \u00e0 plusieurs grands tournois internationaux. Il s\u2019agit de ses deuxi\u00e8mes Jeux panam\u00e9ricains apr\u00e8s ceux de Toronto en 2015 o\u00f9 elle a remport\u00e9 la m\u00e9daille de bronze dans l\u2019\u00e9preuve f\u00e9minine par \u00e9quipe.<\/span><\/p>\n<p><span style=\"font-weight:400;\">\u00ab Les Jeux panam\u00e9ricains de 2015 ont \u00e9t\u00e9 un de mes tournois favoris, indique C\u00f4t\u00e9. La foule \u00e9tait incroyable tout comme l\u2019atmosph\u00e8re. Je me suis entra\u00een\u00e9 et pr\u00e9par\u00e9 pour ce tournoi toute l\u2019ann\u00e9e alors je suis enthousiaste d\u2019y participer avec mes co\u00e9quipiers et de repr\u00e9senter le Canada \u00e0 Lima aux Jeux panam\u00e9ricains de 2019. \u00bb<\/span><\/p>\n<p><span style=\"font-weight:400;\">\u00c0 ses c\u00f4t\u00e9s au sein de l\u2019\u00e9quipe f\u00e9minine, il y aura la participante de trois Jeux olympiques Mo Zhang de Richmond en Colombie-Britannique qui disputera ses quatri\u00e8mes Jeux panam\u00e9ricains apr\u00e8s \u00eatre mont\u00e9e sur le podium \u00e0 ses trois participations pr\u00e9c\u00e9dentes.\u00a0<\/span><\/p>\n<p><span style=\"font-weight:400;\">L\u2019\u00e9quipe masculine est conduite par Eugene Wang d\u2019Aurora en Ontario, participant \u00e0 deux Jeux olympiques et gagnant de la m\u00e9daille de bronze des \u00e9preuves en simple et par \u00e9quipe aux Jeux panam\u00e9ricains de 2015. Un autre athl\u00e8te qui \u00e9tait \u00e0 Toronto il y a quatre ans compl\u00e8te l\u2019\u00e9quipe masculine, soit Marko Medjugorac de Sherbrooke au Qu\u00e9bec.\u00a0<\/span><\/p>\n<p><span style=\"font-weight:400;\">La comp\u00e9tition s\u2019annonce f\u00e9roce puisque deux places pour les Jeux olympiques de l\u2019an prochain y seront en jeu. Les gagnants des \u00e9preuves du simple f\u00e9minin et du simple masculin obtiendront automatiquement leur billet pour Tokyo 2020.<\/span><\/p>\n<p><span style=\"font-weight:400;\">Les \u00e9preuves de tennis de table seront disput\u00e9es du 4 au 10 ao\u00fbt \u00e0 la Villa Deportiva Nacional &#8211; VIDENA.<\/span><\/p>\n<p><span style=\"font-weight:400;\">\u00ab Nous entretenons de grands espoirs que notre \u00e9quipe sera comp\u00e9titive aux Jeux panam\u00e9ricains \u00e0 Lima au P\u00e9rou dans quelques semaines \u00bb, a d\u00e9clar\u00e9 Adham Sharara, pr\u00e9sident de Tennis de Table Canada (TTCAN). Notre \u00e9quipe est compos\u00e9e d\u2019un m\u00e9lange d\u2019athl\u00e8tes d\u2019exp\u00e9rience et de jeunes joueurs montants. C\u2019est un bon \u00e9quilibre pour r\u00e9aliser des r\u00e9sultats et pour planifier pour l\u2019avenir. Au nom de TTCAN, je d\u00e9sire souhaiter \u00e0 notre \u00e9quipe la meilleure des chances et nous allons suivre chacun des matchs et des r\u00e9sultats avec attention, encourageant nos joueurs tout au long du parcours. \u00bb<\/span><\/p>\n<p><span style=\"font-weight:400;\">Les Jeux panam\u00e9ricains de Lima 2019, qui se d\u00e9rouleront du 26 juillet au 11 ao\u00fbt r\u00e9uniront environ 6 700 athl\u00e8tes de 41 nations des Am\u00e9riques et comprendra 62 disciplines dans 39 sports. Ce sera le plus grand \u00e9v\u00e9nement sportif jamais organis\u00e9 au P\u00e9rou.<\/span><\/p>\n<p><span style=\"font-weight:400;\">Les athl\u00e8tes ont \u00e9t\u00e9 s\u00e9lectionn\u00e9s par le Comit\u00e9 de haute performance de TTCAN dans le respect des crit\u00e8res de la politique de s\u00e9lection, conduisant \u00e0 la s\u00e9lection des athl\u00e8tes et entra\u00eeneurs suivants :<\/span><\/p>\n<p><span style=\"font-weight:400;\">\u00c9quipe masculine<\/span><\/p>\n<p><span style=\"font-weight:400;\"> Jeremy Hazing (Richmond Hill, Ontario)<br \/>\n<\/span>Marko Medjugorac (Sherbrooke, Qu\u00e9bec)<br \/>\nEugene Wang (Aurora, Ontario)<span style=\"font-weight:400;\">\u00a0<\/span><\/p>\n<p><span style=\"font-weight:400;\">\u00c9quipe f\u00e9minine<\/span><\/p>\n<p><span style=\"font-weight:400;\"> Alicia C\u00f4t\u00e9 (Drummondville, Qu\u00e9bec)<br \/>\n<\/span>Ivy Liao (Vancouver, C.-B.)<br \/>\nMo Zhang (Richmond, C.-B.)<\/p>\n<p><span style=\"font-weight:400;\">Entra\u00eeneurs<\/span><\/p>\n<p><span style=\"font-weight:400;\">Dejan Papic (Toronto, Ontario)<br \/>\n<\/span><span style=\"font-weight:400;\">Jialin Wang (Vancouver, C.-B.)<\/span><span style=\"font-weight:400;\">\u00a0<\/span><\/p>\n<p><span style=\"font-weight:400;\">Avant qu&rsquo;un(e) athl\u00e8te soit officiellement nomm\u00e9(e) au sein d&rsquo;\u00c9quipe Canada, toutes les candidatures doivent \u00eatre approuv\u00e9es par le comit\u00e9 de s\u00e9lection du COC, et ce, une fois que toutes les f\u00e9d\u00e9rations sportives nationales ont soumis leurs nominations \u00e0 la fin juin 2019.<\/span><\/p>\n<p style=\"text-align:center;\"><span style=\"font-weight:400;\">-30-<\/span><\/p>\n<p><span style=\"font-weight:400;\">CONTACTS POUR LES M\u00c9DIAS :<\/span><\/p>\n<p><span style=\"font-weight:400;\">Thorsten Gohl, directeur du marketing<br \/>\n<\/span><span style=\"font-weight:400;\">Tennis de Table Canada<br \/>\n<\/span><span style=\"font-weight:400;\">T\u00e9l. : 289-818-0765 \/ Cell. : 867-373-0485<br \/>\n<\/span><span style=\"font-weight:400;\">Courriel : <\/span><a href=\"mailto:thor@ttcanada.ca\"><span style=\"font-weight:400;\">thor@ttcanada.ca<\/span><\/a><\/p>\n<p><span style=\"font-weight:400;\">Josh Su, sp\u00e9cialiste des relations publiques<br \/>\n<\/span><span style=\"font-weight:400;\">Comit\u00e9 olympique canadien<br \/>\n<\/span><span style=\"font-weight:400;\">Cell. : 647-464-4060<br \/>\n<\/span><span style=\"font-weight:400;\">Courriel : <\/span><a href=\"mailto:jsu@olympique.ca\"><span style=\"font-weight:400;\">jsu@olympique.ca<\/span><\/a><\/p>\n","protected":false},"excerpt":{"rendered":"<p>OTTAWA (15 juillet 2019) \u2013 Tennis de Table Canada et le Comit\u00e9 olympique canadien ont annonc\u00e9 la composition de l\u2019\u00e9quipe&#8230;<\/p>\n","protected":false},"featured_media":152850,"template":"","format":"standard","tags":[],"type-of-press":[496138],"press-topic":[415987821],"years":[415988137],"class_list":["post-152847","press","type-press","status-publish","format-standard","has-post-thumbnail","hentry","type-of-press-communiques","press-topic-lima-2019","years-415988137"],"acf":[],"yoast_head":"<!-- This site is optimized with the Yoast SEO plugin v27.3 - https:\/\/yoast.com\/product\/yoast-seo-wordpress\/ -->\n<title>Annonce de l\u2019\u00e9quipe de tennis de table du Canada pour Lima 2019 - \u00c9quipe Canada | Site officiel de l&#039;\u00e9quipe olympique<\/title>\n<meta name=\"robots\" content=\"index, follow, max-snippet:-1, max-image-preview:large, max-video-preview:-1\" \/>\n<link rel=\"canonical\" href=\"https:\/\/preprod.olympic.ca\/olympique\/presse\/annonce-de-lequipe-de-tennis-de-table-du-canada-pour-lima-2019\/\" \/>\n<meta property=\"og:locale\" content=\"fr_FR\" \/>\n<meta property=\"og:type\" content=\"article\" \/>\n<meta property=\"og:title\" content=\"Annonce de l\u2019\u00e9quipe de tennis de table du Canada pour Lima 2019 - \u00c9quipe Canada | Site officiel de l&#039;\u00e9quipe olympique\" \/>\n<meta property=\"og:description\" content=\"OTTAWA (15 juillet 2019) \u2013 Tennis de Table Canada et le Comit\u00e9 olympique canadien ont annonc\u00e9 la composition de l\u2019\u00e9quipe...\" \/>\n<meta property=\"og:url\" content=\"https:\/\/preprod.olympic.ca\/olympique\/presse\/annonce-de-lequipe-de-tennis-de-table-du-canada-pour-lima-2019\/\" \/>\n<meta property=\"og:site_name\" content=\"\u00c9quipe Canada | Site officiel de l&#039;\u00e9quipe olympique\" \/>\n<meta property=\"article:modified_time\" content=\"2019-07-15T14:45:47+00:00\" \/>\n<meta property=\"og:image\" content=\"https:\/\/preprod.olympic.ca\/olympique\/wp-content\/uploads\/sites\/2\/2019\/07\/feature-image-table-tennis.png\" \/>\n\t<meta property=\"og:image:width\" content=\"1340\" \/>\n\t<meta property=\"og:image:height\" content=\"754\" \/>\n\t<meta property=\"og:image:type\" content=\"image\/png\" \/>\n<meta name=\"twitter:card\" content=\"summary_large_image\" \/>\n<meta name=\"twitter:label1\" content=\"Est. reading time\" \/>\n\t<meta name=\"twitter:data1\" content=\"3 minutes\" \/>\n\t<meta name=\"twitter:label2\" content=\"Written by\" \/>\n\t<meta name=\"twitter:data2\" content=\"sjsokol\" \/>\n<script type=\"application\/ld+json\" class=\"yoast-schema-graph\">{\"@context\":\"https:\\\/\\\/schema.org\",\"@graph\":[{\"@type\":\"WebPage\",\"@id\":\"https:\\\/\\\/preprod.olympic.ca\\\/olympique\\\/presse\\\/annonce-de-lequipe-de-tennis-de-table-du-canada-pour-lima-2019\\\/\",\"url\":\"https:\\\/\\\/preprod.olympic.ca\\\/olympique\\\/presse\\\/annonce-de-lequipe-de-tennis-de-table-du-canada-pour-lima-2019\\\/\",\"name\":\"Annonce de l\u2019\u00e9quipe de tennis de table du Canada pour Lima 2019 - \u00c9quipe Canada | Site officiel de l&#039;\u00e9quipe olympique\",\"isPartOf\":{\"@id\":\"https:\\\/\\\/preprod.olympic.ca\\\/olympique\\\/#website\"},\"primaryImageOfPage\":{\"@id\":\"https:\\\/\\\/preprod.olympic.ca\\\/olympique\\\/presse\\\/annonce-de-lequipe-de-tennis-de-table-du-canada-pour-lima-2019\\\/#primaryimage\"},\"image\":{\"@id\":\"https:\\\/\\\/preprod.olympic.ca\\\/olympique\\\/presse\\\/annonce-de-lequipe-de-tennis-de-table-du-canada-pour-lima-2019\\\/#primaryimage\"},\"thumbnailUrl\":\"https:\\\/\\\/preprod.olympic.ca\\\/olympique\\\/wp-content\\\/uploads\\\/sites\\\/2\\\/2019\\\/07\\\/feature-image-table-tennis.png\",\"datePublished\":\"2019-07-15T14:45:45+00:00\",\"dateModified\":\"2019-07-15T14:45:47+00:00\",\"inLanguage\":\"fr-FR\",\"potentialAction\":[{\"@type\":\"ReadAction\",\"target\":[\"https:\\\/\\\/preprod.olympic.ca\\\/olympique\\\/presse\\\/annonce-de-lequipe-de-tennis-de-table-du-canada-pour-lima-2019\\\/\"]}]},{\"@type\":\"ImageObject\",\"inLanguage\":\"fr-FR\",\"@id\":\"https:\\\/\\\/preprod.olympic.ca\\\/olympique\\\/presse\\\/annonce-de-lequipe-de-tennis-de-table-du-canada-pour-lima-2019\\\/#primaryimage\",\"url\":\"https:\\\/\\\/preprod.olympic.ca\\\/olympique\\\/wp-content\\\/uploads\\\/sites\\\/2\\\/2019\\\/07\\\/feature-image-table-tennis.png\",\"contentUrl\":\"https:\\\/\\\/preprod.olympic.ca\\\/olympique\\\/wp-content\\\/uploads\\\/sites\\\/2\\\/2019\\\/07\\\/feature-image-table-tennis.png\",\"width\":1340,\"height\":754},{\"@type\":\"WebSite\",\"@id\":\"https:\\\/\\\/preprod.olympic.ca\\\/olympique\\\/#website\",\"url\":\"https:\\\/\\\/preprod.olympic.ca\\\/olympique\\\/\",\"name\":\"\u00c9quipe Canada | Site officiel de l&#039;\u00e9quipe olympique\",\"description\":\"Votre source pour l\u2019\u00c9quipe olympique canadienne. Retrouvez les r\u00e9cits, vid\u00e9os et photos des athl\u00e8tes canadiens, sports olympiques, Jeux olympiques de 2020 et bien plus!\",\"potentialAction\":[{\"@type\":\"SearchAction\",\"target\":{\"@type\":\"EntryPoint\",\"urlTemplate\":\"https:\\\/\\\/preprod.olympic.ca\\\/olympique\\\/?s={search_term_string}\"},\"query-input\":{\"@type\":\"PropertyValueSpecification\",\"valueRequired\":true,\"valueName\":\"search_term_string\"}}],\"inLanguage\":\"fr-FR\"}]}<\/script>\n<!-- \/ Yoast SEO plugin. -->","yoast_head_json":{"title":"Annonce de l\u2019\u00e9quipe de tennis de table du Canada pour Lima 2019 - \u00c9quipe Canada | Site officiel de l&#039;\u00e9quipe olympique","robots":{"index":"index","follow":"follow","max-snippet":"max-snippet:-1","max-image-preview":"max-image-preview:large","max-video-preview":"max-video-preview:-1"},"canonical":"https:\/\/preprod.olympic.ca\/olympique\/presse\/annonce-de-lequipe-de-tennis-de-table-du-canada-pour-lima-2019\/","og_locale":"fr_FR","og_type":"article","og_title":"Annonce de l\u2019\u00e9quipe de tennis de table du Canada pour Lima 2019 - \u00c9quipe Canada | Site officiel de l&#039;\u00e9quipe olympique","og_description":"OTTAWA (15 juillet 2019) \u2013 Tennis de Table Canada et le Comit\u00e9 olympique canadien ont annonc\u00e9 la composition de l\u2019\u00e9quipe...","og_url":"https:\/\/preprod.olympic.ca\/olympique\/presse\/annonce-de-lequipe-de-tennis-de-table-du-canada-pour-lima-2019\/","og_site_name":"\u00c9quipe Canada | Site officiel de l&#039;\u00e9quipe olympique","article_modified_time":"2019-07-15T14:45:47+00:00","og_image":[{"width":1340,"height":754,"url":"https:\/\/preprod.olympic.ca\/olympique\/wp-content\/uploads\/sites\/2\/2019\/07\/feature-image-table-tennis.png","type":"image\/png"}],"twitter_card":"summary_large_image","twitter_misc":{"Est. reading time":"3 minutes","Written by":"sjsokol"},"schema":{"@context":"https:\/\/schema.org","@graph":[{"@type":"WebPage","@id":"https:\/\/preprod.olympic.ca\/olympique\/presse\/annonce-de-lequipe-de-tennis-de-table-du-canada-pour-lima-2019\/","url":"https:\/\/preprod.olympic.ca\/olympique\/presse\/annonce-de-lequipe-de-tennis-de-table-du-canada-pour-lima-2019\/","name":"Annonce de l\u2019\u00e9quipe de tennis de table du Canada pour Lima 2019 - \u00c9quipe Canada | Site officiel de l&#039;\u00e9quipe olympique","isPartOf":{"@id":"https:\/\/preprod.olympic.ca\/olympique\/#website"},"primaryImageOfPage":{"@id":"https:\/\/preprod.olympic.ca\/olympique\/presse\/annonce-de-lequipe-de-tennis-de-table-du-canada-pour-lima-2019\/#primaryimage"},"image":{"@id":"https:\/\/preprod.olympic.ca\/olympique\/presse\/annonce-de-lequipe-de-tennis-de-table-du-canada-pour-lima-2019\/#primaryimage"},"thumbnailUrl":"https:\/\/preprod.olympic.ca\/olympique\/wp-content\/uploads\/sites\/2\/2019\/07\/feature-image-table-tennis.png","datePublished":"2019-07-15T14:45:45+00:00","dateModified":"2019-07-15T14:45:47+00:00","inLanguage":"fr-FR","potentialAction":[{"@type":"ReadAction","target":["https:\/\/preprod.olympic.ca\/olympique\/presse\/annonce-de-lequipe-de-tennis-de-table-du-canada-pour-lima-2019\/"]}]},{"@type":"ImageObject","inLanguage":"fr-FR","@id":"https:\/\/preprod.olympic.ca\/olympique\/presse\/annonce-de-lequipe-de-tennis-de-table-du-canada-pour-lima-2019\/#primaryimage","url":"https:\/\/preprod.olympic.ca\/olympique\/wp-content\/uploads\/sites\/2\/2019\/07\/feature-image-table-tennis.png","contentUrl":"https:\/\/preprod.olympic.ca\/olympique\/wp-content\/uploads\/sites\/2\/2019\/07\/feature-image-table-tennis.png","width":1340,"height":754},{"@type":"WebSite","@id":"https:\/\/preprod.olympic.ca\/olympique\/#website","url":"https:\/\/preprod.olympic.ca\/olympique\/","name":"\u00c9quipe Canada | Site officiel de l&#039;\u00e9quipe olympique","description":"Votre source pour l\u2019\u00c9quipe olympique canadienne. Retrouvez les r\u00e9cits, vid\u00e9os et photos des athl\u00e8tes canadiens, sports olympiques, Jeux olympiques de 2020 et bien plus!","potentialAction":[{"@type":"SearchAction","target":{"@type":"EntryPoint","urlTemplate":"https:\/\/preprod.olympic.ca\/olympique\/?s={search_term_string}"},"query-input":{"@type":"PropertyValueSpecification","valueRequired":true,"valueName":"search_term_string"}}],"inLanguage":"fr-FR"}]}},"jetpack_sharing_enabled":true,"_links":{"self":[{"href":"https:\/\/preprod.olympic.ca\/olympique\/wp-json\/wp\/v2\/press\/152847","targetHints":{"allow":["GET"]}}],"collection":[{"href":"https:\/\/preprod.olympic.ca\/olympique\/wp-json\/wp\/v2\/press"}],"about":[{"href":"https:\/\/preprod.olympic.ca\/olympique\/wp-json\/wp\/v2\/types\/press"}],"version-history":[{"count":0,"href":"https:\/\/preprod.olympic.ca\/olympique\/wp-json\/wp\/v2\/press\/152847\/revisions"}],"wp:featuredmedia":[{"embeddable":true,"href":"https:\/\/preprod.olympic.ca\/olympique\/wp-json\/wp\/v2\/media\/152850"}],"wp:attachment":[{"href":"https:\/\/preprod.olympic.ca\/olympique\/wp-json\/wp\/v2\/media?parent=152847"}],"wp:term":[{"taxonomy":"post_tag","embeddable":true,"href":"https:\/\/preprod.olympic.ca\/olympique\/wp-json\/wp\/v2\/tags?post=152847"},{"taxonomy":"type-of-press","embeddable":true,"href":"https:\/\/preprod.olympic.ca\/olympique\/wp-json\/wp\/v2\/type-of-press?post=152847"},{"taxonomy":"press-topic","embeddable":true,"href":"https:\/\/preprod.olympic.ca\/olympique\/wp-json\/wp\/v2\/press-topic?post=152847"},{"taxonomy":"years","embeddable":true,"href":"https:\/\/preprod.olympic.ca\/olympique\/wp-json\/wp\/v2\/years?post=152847"}],"curies":[{"name":"wp","href":"https:\/\/api.w.org\/{rel}","templated":true}]}}