{"id":152932,"date":"2019-07-16T11:45:14","date_gmt":"2019-07-16T15:45:14","guid":{"rendered":"http:\/\/olympique.ca\/?post_type=press&#038;p=152932"},"modified":"2019-07-16T11:45:16","modified_gmt":"2019-07-16T15:45:16","slug":"devoilement-des-equipes-masculine-et-feminine-de-rugby-a-sept-du-canada-pour-les-jeux-panamericains-de-lima-2019","status":"publish","type":"press","link":"https:\/\/preprod.olympic.ca\/olympique\/presse\/devoilement-des-equipes-masculine-et-feminine-de-rugby-a-sept-du-canada-pour-les-jeux-panamericains-de-lima-2019\/","title":{"rendered":"D\u00e9voilement des \u00e9quipes masculine et f\u00e9minine de rugby \u00e0 sept du Canada pour les Jeux panam\u00e9ricains de Lima 2019"},"content":{"rendered":"<p><span style=\"font-weight:300;\">LANGFORD, C.-B. (16 juillet 2019) \u2013 Rugby Canada et le Comit\u00e9 olympique canadien ont s\u00e9lectionn\u00e9 les membres des \u00e9quipes de rugby \u00e0 sept masculine et f\u00e9minine qui repr\u00e9senteront le Canada aux Jeux panam\u00e9ricains \u00e0 Lima au P\u00e9rou cet \u00e9t\u00e9.<\/span><\/p>\n<p><span style=\"font-weight:300;\">L\u2019\u00e9quipe masculine vient tout juste de disputer le Tournoi de R7 de Rugby Americas North o\u00f9 elle a obtenu son billet pour les Jeux olympiques de Tokyo 2020 gr\u00e2ce \u00e0 une victoire de 40-5 sur la Jama\u00efque en finale. Les doubles m\u00e9daill\u00e9s d\u2019or en titre des Jeux panam\u00e9ricains chercheront \u00e0 remporter un troisi\u00e8me titre cons\u00e9cutif aux Jeux alors qu\u2019ils affronteront l\u2019Argentine, l\u2019Uruguay et la Jama\u00efque au sein du Groupe B.<\/span><\/p>\n<p><span style=\"font-weight:300;\">\u00ab Nous sommes vraiment enthousiastes de participer aux Jeux panam\u00e9ricains, particuli\u00e8rement apr\u00e8s notre r\u00e9cente qualification olympique, affirme Henry Paul, entra\u00eeneur-chef de l\u2019\u00e9quipe masculine. \u201cNous sommes les champions en titre et les gars sont affam\u00e9s. C\u2019est une belle occasion pour continuer \u00e0 b\u00e2tir nos syst\u00e8mes et d\u2019affronter des adversaires relev\u00e9s.\u00bb<\/span><\/p>\n<p><span style=\"font-weight:300;\">Chez les femmes, il s\u2019agira d\u2019un premier tournoi depuis l\u2019obtention de la qualification olympique \u00e0 la mi-juin quand l\u2019\u00e9quipe a pris le troisi\u00e8me rang du classement g\u00e9n\u00e9ral de la S\u00e9rie de R7 f\u00e9minin de World Rugby 2018-2019. \u00c0 Lima, les Canadiennes joueront au sein du Groupe B avec le Br\u00e9sil, le P\u00e9rou et Trinit\u00e9-et-Tobago.<\/span><\/p>\n<p><span style=\"font-weight:300;\">Alors que les deux \u00e9quipes chercheront \u00e0 monter sur la premi\u00e8re marche du podium comme \u00e0 Toronto en 2015, les Jeux panam\u00e9ricains seront un test important pour les jeunes talents en vue des Jeux olympiques de Tokyo 2020 l\u2019an prochain.<\/span><\/p>\n<p><span style=\"font-weight:300;\">\u00ab Nous avons un bon m\u00e9lange de talent au sein de cette \u00e9quipe pour les Jeux panam\u00e9ricains \u00bb, a d\u00e9clar\u00e9 l\u2019entra\u00eeneur-chef de l\u2019\u00e9quipe f\u00e9minine Morgan Williams. \u00ab Nous avons de brillants talents ainsi que des v\u00e9t\u00e9rans d\u2019exp\u00e9rience qui jouent au sein de la S\u00e9rie de World Rugby. Ce sera une belle occasion de les exposer \u00e0 un tournoi d\u2019envergure et de vivre ce genre d\u2019exp\u00e9rience, particuli\u00e8rement dans le cadre de nos pr\u00e9paratifs pour Tokyo 2020. \u00bb<\/span><\/p>\n<p><span style=\"font-weight:300;\">Les matchs seront disput\u00e9s du 26 au 28 juillet au Complejo Deportivo Villa Maria del Triunfo.<\/span><\/p>\n<p><span style=\"font-weight:300;\">Les hommes et les femmes s\u00e9lectionn\u00e9s pour participer aux tournois de rugby \u00e0 sept de Lima 2019 sont :<\/span><\/p>\n<p>Femmes<\/p>\n<p>1. Delaney Aikens (Briercrest, Saskatchewan) \u2013 Thunderbirds de l\u2019Universit\u00e9 de la Colombie-Britannique<br \/>\n2. Pam Buisa (Gatineau, Qu\u00e9bec) \u2013 Irish d\u2019Ottawa<br \/>\n3. Emma Chown (Barrie, Ontario) \u2013 Barbarians d\u2019Aurora<br \/>\n4. Caroline Crossley (Victoria, C.-B.) \u2013 Wanderers de Castaway<br \/>\n5. Olivia De Couverer (Ottawa, Ontario) &#8211; Irish d\u2019Ottawa<br \/>\n6. Asia Hogan-Rochester (Toronto, Ontario) &#8211; Lions de York<br \/>\n7. Sara Kaljuvee (Ajax, Ontario) &#8211; Scottish de Toronto<br \/>\n8. Tausani Levale (Abbotsford, C.-B.) &#8211; Abbotsford RFC<br \/>\n9. Kaili Lukan (Barrie, Ontario) \u2013 Sans club<br \/>\n10. Kayla Moleschi (Williams Lake, C.-B.) \u2013 Rustlers de Williams Lake<br \/>\n11. Breanne Nicholas (Blenheim, Ontario) &#8211; St. Georges RFC de London<br \/>\n12. Temitiope Ogunjimi (Calgary, Alberta) &#8211; Hornets de Calgary<\/p>\n<p>1. Morgan Williams (Victoria, C.-B.) \u2013 Entra\u00eeneur-chef<\/p>\n<p>Hommes<br \/>\n1. Phil Berna (Vancouver, C.-B.) \u2013 Thunderbirds de l\u2019Universit\u00e9 de la Colombie-Britannique<br \/>\n2. Cooper Coats (Halifax, N.-\u00c9.) \u2013 Tars de Halifax<br \/>\n3. Admir Cejvanovic (Burnaby, C.-B..) \u2013 Burnaby Lake RFC<br \/>\n4. Sean Duke (Vancouver, C.-B.) \u2013 Sans club<br \/>\n5. Nathan Hirayama (Richmond, C.-B.) \u2013 Sans club<br \/>\n6. Harry Jones (West Vancouver, C.-B.) \u2013 Capilano RFC<br \/>\n7. Isaac Kaay (Kamloops, C.-B.) \u2013 Vikes de l\u2019UVIC<br \/>\n8. Patrick Kay (Duncan, C.-B.) \u2013 Wanderers de Castaway<br \/>\n9. Luke McCloskey (Cranbrook, C.-B.) \u2013 Wanderers de Castaway<br \/>\n10. Josiah Morra (Toronto, Ont.) \u2013 Saracens de Toronto<br \/>\n11. Brennig Prevost (Victoria, C.-B.) \u2013 Wanderers de Castaway<br \/>\n12. Adam Zaruba (North Vancouver, C.-B.) \u2013 Capilano RFC<\/p>\n<p>1. Henry Paul (Victoria, C.-B.) &#8211; Entra\u00eeneur-chef<\/p>\n<p style=\"text-align:center;\"><span style=\"font-weight:300;\">-30-<\/span><\/p>\n<p><span style=\"font-weight:300;\">CONTACTS POUR LES M\u00c9DIAS<\/span><\/p>\n<p><span style=\"font-weight:300;\">Bernadette Larose, coordonnatrice des m\u00e9dias et des communications<br \/>\n<\/span><span style=\"font-weight:300;\">Rugby Canada<br \/>\n<\/span><span style=\"font-weight:300;\">Cell. : 403-993-2326<br \/>\n<\/span><span style=\"font-weight:300;\">Courriel : <\/span><a href=\"mailto:blarose@rugby.ca\"><span style=\"font-weight:300;\">blarose@rugby.ca<\/span><\/a><span style=\"font-weight:300;\">\u00a0<\/span><\/p>\n<p><span style=\"font-weight:300;\">Josh Su, sp\u00e9cialiste des relations publiques<br \/>\n<\/span><span style=\"font-weight:300;\">Comit\u00e9 olympique canadien<br \/>\n<\/span><span style=\"font-weight:300;\">Cell. : 647-464-4060<br \/>\n<\/span><span style=\"font-weight:300;\">Courriel : <\/span><a href=\"mailto:jsu@olympique.ca\"><span style=\"font-weight:300;\">jsu@olympique.ca<\/span><\/a><\/p>\n","protected":false},"excerpt":{"rendered":"<p>LANGFORD, C.-B. (16 juillet 2019) \u2013 Rugby Canada et le Comit\u00e9 olympique canadien ont s\u00e9lectionn\u00e9 les membres des \u00e9quipes de&#8230;<\/p>\n","protected":false},"featured_media":152934,"template":"","format":"standard","tags":[],"type-of-press":[],"press-topic":[415987821],"years":[415988137],"class_list":["post-152932","press","type-press","status-publish","format-standard","has-post-thumbnail","hentry","press-topic-lima-2019","years-415988137"],"acf":[],"yoast_head":"<!-- This site is optimized with the Yoast SEO plugin v27.3 - https:\/\/yoast.com\/product\/yoast-seo-wordpress\/ -->\n<title>D\u00e9voilement des \u00e9quipes masculine et f\u00e9minine de rugby \u00e0 sept du Canada pour les Jeux panam\u00e9ricains de Lima 2019 - \u00c9quipe Canada | Site officiel de l&#039;\u00e9quipe olympique<\/title>\n<meta name=\"robots\" content=\"index, follow, max-snippet:-1, max-image-preview:large, max-video-preview:-1\" \/>\n<link rel=\"canonical\" href=\"https:\/\/preprod.olympic.ca\/olympique\/presse\/devoilement-des-equipes-masculine-et-feminine-de-rugby-a-sept-du-canada-pour-les-jeux-panamericains-de-lima-2019\/\" \/>\n<meta property=\"og:locale\" content=\"fr_FR\" \/>\n<meta property=\"og:type\" content=\"article\" \/>\n<meta property=\"og:title\" content=\"D\u00e9voilement des \u00e9quipes masculine et f\u00e9minine de rugby \u00e0 sept du Canada pour les Jeux panam\u00e9ricains de Lima 2019 - \u00c9quipe Canada | Site officiel de l&#039;\u00e9quipe olympique\" \/>\n<meta property=\"og:description\" content=\"LANGFORD, C.-B. (16 juillet 2019) \u2013 Rugby Canada et le Comit\u00e9 olympique canadien ont s\u00e9lectionn\u00e9 les membres des \u00e9quipes de...\" \/>\n<meta property=\"og:url\" content=\"https:\/\/preprod.olympic.ca\/olympique\/presse\/devoilement-des-equipes-masculine-et-feminine-de-rugby-a-sept-du-canada-pour-les-jeux-panamericains-de-lima-2019\/\" \/>\n<meta property=\"og:site_name\" content=\"\u00c9quipe Canada | Site officiel de l&#039;\u00e9quipe olympique\" \/>\n<meta property=\"article:modified_time\" content=\"2019-07-16T15:45:16+00:00\" \/>\n<meta property=\"og:image\" content=\"https:\/\/preprod.olympic.ca\/olympique\/wp-content\/uploads\/sites\/2\/2019\/07\/feature-image-rugby.png\" \/>\n\t<meta property=\"og:image:width\" content=\"1340\" \/>\n\t<meta property=\"og:image:height\" content=\"754\" \/>\n\t<meta property=\"og:image:type\" content=\"image\/png\" \/>\n<meta name=\"twitter:card\" content=\"summary_large_image\" \/>\n<meta name=\"twitter:label1\" content=\"Est. reading time\" \/>\n\t<meta name=\"twitter:data1\" content=\"3 minutes\" \/>\n\t<meta name=\"twitter:label2\" content=\"Written by\" \/>\n\t<meta name=\"twitter:data2\" content=\"sjsokol\" \/>\n<script type=\"application\/ld+json\" class=\"yoast-schema-graph\">{\"@context\":\"https:\\\/\\\/schema.org\",\"@graph\":[{\"@type\":\"WebPage\",\"@id\":\"https:\\\/\\\/preprod.olympic.ca\\\/olympique\\\/presse\\\/devoilement-des-equipes-masculine-et-feminine-de-rugby-a-sept-du-canada-pour-les-jeux-panamericains-de-lima-2019\\\/\",\"url\":\"https:\\\/\\\/preprod.olympic.ca\\\/olympique\\\/presse\\\/devoilement-des-equipes-masculine-et-feminine-de-rugby-a-sept-du-canada-pour-les-jeux-panamericains-de-lima-2019\\\/\",\"name\":\"D\u00e9voilement des \u00e9quipes masculine et f\u00e9minine de rugby \u00e0 sept du Canada pour les Jeux panam\u00e9ricains de Lima 2019 - \u00c9quipe Canada | Site officiel de l&#039;\u00e9quipe olympique\",\"isPartOf\":{\"@id\":\"https:\\\/\\\/preprod.olympic.ca\\\/olympique\\\/#website\"},\"primaryImageOfPage\":{\"@id\":\"https:\\\/\\\/preprod.olympic.ca\\\/olympique\\\/presse\\\/devoilement-des-equipes-masculine-et-feminine-de-rugby-a-sept-du-canada-pour-les-jeux-panamericains-de-lima-2019\\\/#primaryimage\"},\"image\":{\"@id\":\"https:\\\/\\\/preprod.olympic.ca\\\/olympique\\\/presse\\\/devoilement-des-equipes-masculine-et-feminine-de-rugby-a-sept-du-canada-pour-les-jeux-panamericains-de-lima-2019\\\/#primaryimage\"},\"thumbnailUrl\":\"https:\\\/\\\/preprod.olympic.ca\\\/olympique\\\/wp-content\\\/uploads\\\/sites\\\/2\\\/2019\\\/07\\\/feature-image-rugby.png\",\"datePublished\":\"2019-07-16T15:45:14+00:00\",\"dateModified\":\"2019-07-16T15:45:16+00:00\",\"inLanguage\":\"fr-FR\",\"potentialAction\":[{\"@type\":\"ReadAction\",\"target\":[\"https:\\\/\\\/preprod.olympic.ca\\\/olympique\\\/presse\\\/devoilement-des-equipes-masculine-et-feminine-de-rugby-a-sept-du-canada-pour-les-jeux-panamericains-de-lima-2019\\\/\"]}]},{\"@type\":\"ImageObject\",\"inLanguage\":\"fr-FR\",\"@id\":\"https:\\\/\\\/preprod.olympic.ca\\\/olympique\\\/presse\\\/devoilement-des-equipes-masculine-et-feminine-de-rugby-a-sept-du-canada-pour-les-jeux-panamericains-de-lima-2019\\\/#primaryimage\",\"url\":\"https:\\\/\\\/preprod.olympic.ca\\\/olympique\\\/wp-content\\\/uploads\\\/sites\\\/2\\\/2019\\\/07\\\/feature-image-rugby.png\",\"contentUrl\":\"https:\\\/\\\/preprod.olympic.ca\\\/olympique\\\/wp-content\\\/uploads\\\/sites\\\/2\\\/2019\\\/07\\\/feature-image-rugby.png\",\"width\":1340,\"height\":754},{\"@type\":\"WebSite\",\"@id\":\"https:\\\/\\\/preprod.olympic.ca\\\/olympique\\\/#website\",\"url\":\"https:\\\/\\\/preprod.olympic.ca\\\/olympique\\\/\",\"name\":\"\u00c9quipe Canada | Site officiel de l&#039;\u00e9quipe olympique\",\"description\":\"Votre source pour l\u2019\u00c9quipe olympique canadienne. Retrouvez les r\u00e9cits, vid\u00e9os et photos des athl\u00e8tes canadiens, sports olympiques, Jeux olympiques de 2020 et bien plus!\",\"potentialAction\":[{\"@type\":\"SearchAction\",\"target\":{\"@type\":\"EntryPoint\",\"urlTemplate\":\"https:\\\/\\\/preprod.olympic.ca\\\/olympique\\\/?s={search_term_string}\"},\"query-input\":{\"@type\":\"PropertyValueSpecification\",\"valueRequired\":true,\"valueName\":\"search_term_string\"}}],\"inLanguage\":\"fr-FR\"}]}<\/script>\n<!-- \/ Yoast SEO plugin. -->","yoast_head_json":{"title":"D\u00e9voilement des \u00e9quipes masculine et f\u00e9minine de rugby \u00e0 sept du Canada pour les Jeux panam\u00e9ricains de Lima 2019 - \u00c9quipe Canada | Site officiel de l&#039;\u00e9quipe olympique","robots":{"index":"index","follow":"follow","max-snippet":"max-snippet:-1","max-image-preview":"max-image-preview:large","max-video-preview":"max-video-preview:-1"},"canonical":"https:\/\/preprod.olympic.ca\/olympique\/presse\/devoilement-des-equipes-masculine-et-feminine-de-rugby-a-sept-du-canada-pour-les-jeux-panamericains-de-lima-2019\/","og_locale":"fr_FR","og_type":"article","og_title":"D\u00e9voilement des \u00e9quipes masculine et f\u00e9minine de rugby \u00e0 sept du Canada pour les Jeux panam\u00e9ricains de Lima 2019 - \u00c9quipe Canada | Site officiel de l&#039;\u00e9quipe olympique","og_description":"LANGFORD, C.-B. (16 juillet 2019) \u2013 Rugby Canada et le Comit\u00e9 olympique canadien ont s\u00e9lectionn\u00e9 les membres des \u00e9quipes de...","og_url":"https:\/\/preprod.olympic.ca\/olympique\/presse\/devoilement-des-equipes-masculine-et-feminine-de-rugby-a-sept-du-canada-pour-les-jeux-panamericains-de-lima-2019\/","og_site_name":"\u00c9quipe Canada | Site officiel de l&#039;\u00e9quipe olympique","article_modified_time":"2019-07-16T15:45:16+00:00","og_image":[{"width":1340,"height":754,"url":"https:\/\/preprod.olympic.ca\/olympique\/wp-content\/uploads\/sites\/2\/2019\/07\/feature-image-rugby.png","type":"image\/png"}],"twitter_card":"summary_large_image","twitter_misc":{"Est. reading time":"3 minutes","Written by":"sjsokol"},"schema":{"@context":"https:\/\/schema.org","@graph":[{"@type":"WebPage","@id":"https:\/\/preprod.olympic.ca\/olympique\/presse\/devoilement-des-equipes-masculine-et-feminine-de-rugby-a-sept-du-canada-pour-les-jeux-panamericains-de-lima-2019\/","url":"https:\/\/preprod.olympic.ca\/olympique\/presse\/devoilement-des-equipes-masculine-et-feminine-de-rugby-a-sept-du-canada-pour-les-jeux-panamericains-de-lima-2019\/","name":"D\u00e9voilement des \u00e9quipes masculine et f\u00e9minine de rugby \u00e0 sept du Canada pour les Jeux panam\u00e9ricains de Lima 2019 - \u00c9quipe Canada | Site officiel de l&#039;\u00e9quipe olympique","isPartOf":{"@id":"https:\/\/preprod.olympic.ca\/olympique\/#website"},"primaryImageOfPage":{"@id":"https:\/\/preprod.olympic.ca\/olympique\/presse\/devoilement-des-equipes-masculine-et-feminine-de-rugby-a-sept-du-canada-pour-les-jeux-panamericains-de-lima-2019\/#primaryimage"},"image":{"@id":"https:\/\/preprod.olympic.ca\/olympique\/presse\/devoilement-des-equipes-masculine-et-feminine-de-rugby-a-sept-du-canada-pour-les-jeux-panamericains-de-lima-2019\/#primaryimage"},"thumbnailUrl":"https:\/\/preprod.olympic.ca\/olympique\/wp-content\/uploads\/sites\/2\/2019\/07\/feature-image-rugby.png","datePublished":"2019-07-16T15:45:14+00:00","dateModified":"2019-07-16T15:45:16+00:00","inLanguage":"fr-FR","potentialAction":[{"@type":"ReadAction","target":["https:\/\/preprod.olympic.ca\/olympique\/presse\/devoilement-des-equipes-masculine-et-feminine-de-rugby-a-sept-du-canada-pour-les-jeux-panamericains-de-lima-2019\/"]}]},{"@type":"ImageObject","inLanguage":"fr-FR","@id":"https:\/\/preprod.olympic.ca\/olympique\/presse\/devoilement-des-equipes-masculine-et-feminine-de-rugby-a-sept-du-canada-pour-les-jeux-panamericains-de-lima-2019\/#primaryimage","url":"https:\/\/preprod.olympic.ca\/olympique\/wp-content\/uploads\/sites\/2\/2019\/07\/feature-image-rugby.png","contentUrl":"https:\/\/preprod.olympic.ca\/olympique\/wp-content\/uploads\/sites\/2\/2019\/07\/feature-image-rugby.png","width":1340,"height":754},{"@type":"WebSite","@id":"https:\/\/preprod.olympic.ca\/olympique\/#website","url":"https:\/\/preprod.olympic.ca\/olympique\/","name":"\u00c9quipe Canada | Site officiel de l&#039;\u00e9quipe olympique","description":"Votre source pour l\u2019\u00c9quipe olympique canadienne. Retrouvez les r\u00e9cits, vid\u00e9os et photos des athl\u00e8tes canadiens, sports olympiques, Jeux olympiques de 2020 et bien plus!","potentialAction":[{"@type":"SearchAction","target":{"@type":"EntryPoint","urlTemplate":"https:\/\/preprod.olympic.ca\/olympique\/?s={search_term_string}"},"query-input":{"@type":"PropertyValueSpecification","valueRequired":true,"valueName":"search_term_string"}}],"inLanguage":"fr-FR"}]}},"jetpack_sharing_enabled":true,"_links":{"self":[{"href":"https:\/\/preprod.olympic.ca\/olympique\/wp-json\/wp\/v2\/press\/152932","targetHints":{"allow":["GET"]}}],"collection":[{"href":"https:\/\/preprod.olympic.ca\/olympique\/wp-json\/wp\/v2\/press"}],"about":[{"href":"https:\/\/preprod.olympic.ca\/olympique\/wp-json\/wp\/v2\/types\/press"}],"version-history":[{"count":1,"href":"https:\/\/preprod.olympic.ca\/olympique\/wp-json\/wp\/v2\/press\/152932\/revisions"}],"predecessor-version":[{"id":152935,"href":"https:\/\/preprod.olympic.ca\/olympique\/wp-json\/wp\/v2\/press\/152932\/revisions\/152935"}],"wp:featuredmedia":[{"embeddable":true,"href":"https:\/\/preprod.olympic.ca\/olympique\/wp-json\/wp\/v2\/media\/152934"}],"wp:attachment":[{"href":"https:\/\/preprod.olympic.ca\/olympique\/wp-json\/wp\/v2\/media?parent=152932"}],"wp:term":[{"taxonomy":"post_tag","embeddable":true,"href":"https:\/\/preprod.olympic.ca\/olympique\/wp-json\/wp\/v2\/tags?post=152932"},{"taxonomy":"type-of-press","embeddable":true,"href":"https:\/\/preprod.olympic.ca\/olympique\/wp-json\/wp\/v2\/type-of-press?post=152932"},{"taxonomy":"press-topic","embeddable":true,"href":"https:\/\/preprod.olympic.ca\/olympique\/wp-json\/wp\/v2\/press-topic?post=152932"},{"taxonomy":"years","embeddable":true,"href":"https:\/\/preprod.olympic.ca\/olympique\/wp-json\/wp\/v2\/years?post=152932"}],"curies":[{"name":"wp","href":"https:\/\/api.w.org\/{rel}","templated":true}]}}