{"id":153487,"date":"2019-07-27T23:19:16","date_gmt":"2019-07-28T03:19:16","guid":{"rendered":"http:\/\/olympique.ca\/?post_type=press&#038;p=153487"},"modified":"2019-07-27T23:24:42","modified_gmt":"2019-07-28T03:24:42","slug":"jour-1-equipe-canada-a-lima-2019","status":"publish","type":"press","link":"https:\/\/preprod.olympic.ca\/olympique\/presse\/jour-1-equipe-canada-a-lima-2019\/","title":{"rendered":"JOUR 1 : \u00c9quipe Canada \u00e0 Lima 2019"},"content":{"rendered":"<p><b>LIMA, P\u00c9ROU<\/b><span style=\"font-weight:300;\"> \u2013 \u00c9quipe Canada conclut le Jour 1 aux Jeux de Lima 2019 avec une r\u00e9colte de six m\u00e9dailles. Le squash s\u2019est impos\u00e9 avec trois m\u00e9dailles et AJ Assadian a \u00e9crit une page d\u2019histoire en devenant le premier Canadien \u00e0 remporter une m\u00e9daille des Jeux panam\u00e9ricains en taekwondo poomsae apr\u00e8s avoir d\u00e9croch\u00e9 une m\u00e9daille de bronze samedi.\u00a0<\/span><\/p>\n<p><b>TOTAL DES M\u00c9DAILLES D\u2019\u00c9QUIPE CANADA<\/b><\/p>\n<p><span style=\"font-weight:300;\">OR : 0 | ARGENT : 2 | BRONZE : 4 | TOTAL : 6<\/span><\/p>\n<p><span style=\"font-weight:300;\">R\u00c9SULTATS :<\/span><a href=\"https:\/\/docs.google.com\/spreadsheets\/d\/1ih9SXslVSKnN8huxvx99KPmM6xPTcGBRVzCpp_PUBK4\/edit?usp=sharing\"> <span style=\"font-weight:300;\">R\u00e9sultats des comp\u00e9titions d\u2019\u00c9quipe Canada \u00e0 Lima 2019.<\/span><\/a><\/p>\n<p><span style=\"font-weight:300;\">HORAIRE :<\/span><a href=\"https:\/\/docs.google.com\/spreadsheets\/d\/1kfHSDhcsaw2jP2ZWOeberGZ8jz7cS1cv4ohinKTQ0vA\/edit?usp=sharing\"> <span style=\"font-weight:300;\">Horaire de comp\u00e9tition d\u2019\u00c9quipe Canada \u00e0 Lima 2019.<\/span><\/a><\/p>\n<p><b>FAITS SAILLANTS DU JOUR 1<\/b><\/p>\n<ul>\n<li style=\"font-weight:300;\"><span style=\"font-weight:300;\">Deux m\u00e9dailles de bronze en simple f\u00e9minin au squash sont les deux premi\u00e8res m\u00e9dailles du Canada \u00e0 Lima 2019;<\/span><\/li>\n<li style=\"font-weight:300;\"><span style=\"font-weight:300;\">Hollie Naughton devient la premi\u00e8re double m\u00e9daill\u00e9e du Canada \u00e0 Lima 2019 en d\u00e9crochant deux m\u00e9dailles de bronze au squash en simple f\u00e9minin et en double mixte;<\/span><\/li>\n<li style=\"font-weight:300;\"><span style=\"font-weight:300;\">La m\u00e9daille de bronze d\u2019AJ Assadian est la premi\u00e8re de l\u2019histoire canadienne en taekwondo poomsae.\u00a0<\/span><\/li>\n<\/ul>\n<p><b>D\u00c9CLARATIONS DU JOUR 1 :<\/b><\/p>\n<p><span style=\"font-weight:300;\">AJ ASSADIAN (M<\/span><span style=\"font-weight:300;\">\u00e9daill\u00e9 de bronze : <\/span><span style=\"font-weight:300;\">Taekwondo &#8211; Poomsae traditionnel individuel masculin) sur le fait de devenir le premier Canadien de L\u2019histoire \u00e0 remporter une m\u00e9daille des Jeux panam\u00e9ricains en taekwondo poomsae\u00a0 :<\/span><\/p>\n<p><span style=\"font-weight:300;\">\u00ab C\u2019est un grand honneur pour moi. J\u2019ai r\u00eav\u00e9 \u00e0 ce jour de plus longtemps et je suis heureux de pouvoir monter sur le podium aujourd\u2019hui. Il y avait beaucoup de pression sur mes \u00e9paules aujourd\u2019hui puisque j\u2019\u00e9tais aussi le premier athl\u00e8te de poomsae de l\u2019histoire canadienne aux jeux panam\u00e9ricains. J\u2019ai tent\u00e9 de traiter cela comme si c\u2019\u00e9tait une autre \u00e9preuve pour all\u00e9ger la pression. Je suis simplement tr\u00e8s heureux d\u2019avoir pu offrir cette performance. \u00bb<\/span><\/p>\n<p><span style=\"font-weight:300;\">Samantha CORNETT ( <\/span><span style=\"font-weight:300;\">M\u00e9daill\u00e9e de bronze <\/span><span style=\"font-weight:300;\">: Squash &#8211; simple f\u00e9minin) sur la pr\u00e9sence de la Gouverneure g\u00e9n\u00e9rale et des autres partisans canadiens au match :<\/span><\/p>\n<p><span style=\"font-weight:300;\">\u00ab C\u2019\u00e9tait vraiment sp\u00e9cial! C,\u00e9tait la premi\u00e8re fois que je rencontrais la Gouverneure g\u00e9n\u00e9rale. Tout d\u2019abord elle est incroyable et elle \u00e9tait accompagn\u00e9e par un grand nombre de Canadiens. Nous profitions d\u2019un bel appui. Je pouvais l\u2019entendre dans les estrades et c\u2019\u00e9tait tr\u00e8s appr\u00e9ci\u00e9. \u00bb<\/span><\/p>\n<p><span style=\"font-weight:300;\">Craig SPENCE (M\u00e9daill\u00e9 d\u2019argent : cano\u00eb-kayak &#8211; C-2 1000 m masculin) sur sa m\u00e9daille d\u2019argent remport\u00e9e avec son co\u00e9quipier Drew HODGES et sur ce que cela signifie en vue de Tokyo 2020<\/span><\/p>\n<p><span style=\"font-weight:300;\">\u00ab Pour la suite de notre parcours, c\u2019est une \u00e9tape \u00e9norme vers Tokyo. Cette comp\u00e9tition est une belle exp\u00e9rience d\u2019apprentissage sur la fa\u00e7on de concourir \u00e0 des Jeux et contre des concurrents de haut niveau. Drew et moi formons une \u00e9quipe encore plus forte apr\u00e8s cette comp\u00e9tition et cela contribuera beaucoup \u00e0 notre croissance comme athl\u00e8tes. \u00bb<\/span><\/p>\n<p><span style=\"font-weight:300;\">Andrew SCHNELL (M\u00e9daill\u00e9 de bronze : Squash &#8211; double mixte) sur sa conqu\u00eate de la m\u00e9daille de bronze avec sa partenaire Holly NAUGHTON :<\/span><\/p>\n<p><span style=\"font-weight:300;\">\u00ab Je suis honor\u00e9 de remporter une m\u00e9daille au nom d\u2019\u00c9quipe Canada, mais cette fois c\u2019est vraiment sp\u00e9cial de gagner une m\u00e9daille de bronze avec Holly puisque nous n\u2019avions jamais jou\u00e9 ensemble auparavant. Simplement d\u2019arriver \u00e0 cette \u00e9tape du tournoi d\u00e9montre que nous avons du potentiel comme \u00e9quipe. Holly a tr\u00e8s bien jou\u00e9 et j\u2019ai simplement tent\u00e9 de l\u2019appuyer du mieux possible et c\u2019\u00e9tait vraiment un grand plaisir de jouer avec elle. \u00bb<\/span><\/p>\n<p><b>RESSOURCES:<\/b><\/p>\n<p><span style=\"font-weight:300;\">TOUTES LES D\u00c9CLARATIONS :<\/span><a href=\"https:\/\/docs.google.com\/document\/d\/1-CmzPOaYyaJwMJGGQgp8fuCxdORrzoysVTvhLutoFHI\/edit?usp=sharing\"> <span style=\"font-weight:300;\">D\u00e9claration du jour d\u2019\u00c9quipe Canada \u00e0 Lima 2019.<\/span><\/a><\/p>\n<p><span style=\"font-weight:300;\">PHOTOS :<\/span><a href=\"http:\/\/images.olympic.ca\"> <span style=\"font-weight:300;\">Soumettez une demande d\u2019utilisation de photos \u00e0 des fins \u00e9ditoriales sur images.olympic.ca.<\/span><\/a><\/p>\n<p><span style=\"font-weight:300;\">LES JEUX DE LIMA D\u00c9CHIFFR\u00c9S : <\/span><a href=\"https:\/\/docs.google.com\/document\/d\/1eHiEkxo8kZxUXlcRYFT9fQqlIeI-dmMQebzE04VtuXw\/edit#\"><span style=\"font-weight:300;\">Statistiques sur certains sports au programme des Jeux de Lima 2019.<\/span><\/a><\/p>\n<p><span style=\"font-weight:300;\">VISITEZ :<\/span><a href=\"https:\/\/olympique.ca\/ressources\/\"><span style=\"font-weight:300;\"> https:\/\/olympique.ca\/ressources\/ pour d\u2019autres informations.<\/span><\/a><\/p>\n<p><span style=\"font-weight:300;\">SUIVEZ :<\/span><a href=\"https:\/\/twitter.com\/TeamCanadaPR\"> <span style=\"font-weight:300;\">@TeamCanadaPR pour les alertes en direct de m\u00e9dailles.<\/span><\/a><\/p>\n<p><span style=\"font-weight:300;\">TOKYO 2020 :<\/span><a href=\"https:\/\/preprod.olympic.ca\/2019\/06\/10\/olympic-qualification-for-tokyo-2020-at-lima-2019\/\"> <span style=\"font-weight:300;\">Qualification olympique pour Tokyo 2020 \u00e0 Lima 2019.<\/span><\/a><\/p>\n<p><b>QUIZ D\u2019\u00c9QUIPE CANADA :<\/b><\/p>\n<p><span style=\"font-family:-apple-system, BlinkMacSystemFont, 'Segoe UI', Roboto, Oxygen-Sans, Ubuntu, Cantarell, 'Helvetica Neue', sans-serif;\">Q. Nomme les deux seules villes \u00e0 avoir accueilli les Jeux panam\u00e9ricains plus d\u2019une fois?<\/span><\/p>\n<p><i><span style=\"font-weight:300;\">R. Winnipeg (1967, 1999) et Mexico (1955, 1975)<\/span><\/i><\/p>\n<p style=\"text-align:center;\"><span style=\"font-weight:300;\">-30-<\/span><\/p>\n<p><span style=\"font-weight:300;\">CONTACT POUR LES M\u00c9DIAS<\/span><\/p>\n<p><span style=\"font-weight:300;\">Josh Su, responsable des relations avec les m\u00e9dias<\/span><span style=\"font-weight:300;\"><br \/>\n<\/span><span style=\"font-weight:300;\">Comit\u00e9 olympique canadien<\/span><span style=\"font-weight:300;\"><br \/>\n<\/span><span style=\"font-weight:300;\">P\u00e9rou : +51 1 920 259 209<\/span><span style=\"font-weight:300;\"><br \/>\n<\/span><span style=\"font-weight:300;\">WhatsApp : 647-464-4060<\/span><span style=\"font-weight:300;\"><br \/>\n<\/span><span style=\"font-weight:300;\">Courriel : <\/span><a href=\"jsu@olympique.ca\"><span style=\"font-weight:300;\">jsu@olympique.ca<\/span><\/a><\/p>\n","protected":false},"excerpt":{"rendered":"<p>LIMA, P\u00c9ROU \u2013 \u00c9quipe Canada conclut le Jour 1 aux Jeux de Lima 2019 avec une r\u00e9colte de six m\u00e9dailles&#8230;.<\/p>\n","protected":false},"featured_media":153488,"template":"","format":"standard","tags":[],"type-of-press":[496138],"press-topic":[415987821],"years":[415988137],"class_list":["post-153487","press","type-press","status-publish","format-standard","has-post-thumbnail","hentry","type-of-press-communiques","press-topic-lima-2019","years-415988137"],"acf":[],"yoast_head":"<!-- This site is optimized with the Yoast SEO plugin v27.3 - https:\/\/yoast.com\/product\/yoast-seo-wordpress\/ -->\n<title>JOUR 1 : \u00c9quipe Canada \u00e0 Lima 2019 - \u00c9quipe Canada | Site officiel de l&#039;\u00e9quipe olympique<\/title>\n<meta name=\"robots\" content=\"index, follow, max-snippet:-1, max-image-preview:large, max-video-preview:-1\" \/>\n<link rel=\"canonical\" href=\"https:\/\/preprod.olympic.ca\/olympique\/presse\/jour-1-equipe-canada-a-lima-2019\/\" \/>\n<meta property=\"og:locale\" content=\"fr_FR\" \/>\n<meta property=\"og:type\" content=\"article\" \/>\n<meta property=\"og:title\" content=\"JOUR 1 : \u00c9quipe Canada \u00e0 Lima 2019 - \u00c9quipe Canada | Site officiel de l&#039;\u00e9quipe olympique\" \/>\n<meta property=\"og:description\" content=\"LIMA, P\u00c9ROU \u2013 \u00c9quipe Canada conclut le Jour 1 aux Jeux de Lima 2019 avec une r\u00e9colte de six m\u00e9dailles....\" \/>\n<meta property=\"og:url\" content=\"https:\/\/preprod.olympic.ca\/olympique\/presse\/jour-1-equipe-canada-a-lima-2019\/\" \/>\n<meta property=\"og:site_name\" content=\"\u00c9quipe Canada | Site officiel de l&#039;\u00e9quipe olympique\" \/>\n<meta property=\"article:modified_time\" content=\"2019-07-28T03:24:42+00:00\" \/>\n<meta property=\"og:image\" content=\"https:\/\/preprod.olympic.ca\/olympique\/wp-content\/uploads\/sites\/2\/2019\/07\/feature_image-9.jpg?quality=100\" \/>\n\t<meta property=\"og:image:width\" content=\"1787\" \/>\n\t<meta property=\"og:image:height\" content=\"1005\" \/>\n\t<meta property=\"og:image:type\" content=\"image\/jpeg\" \/>\n<meta name=\"twitter:card\" content=\"summary_large_image\" \/>\n<meta name=\"twitter:label1\" content=\"Est. reading time\" \/>\n\t<meta name=\"twitter:data1\" content=\"4 minutes\" \/>\n\t<meta name=\"twitter:label2\" content=\"Written by\" \/>\n\t<meta name=\"twitter:data2\" content=\"joshsu\" \/>\n<script type=\"application\/ld+json\" class=\"yoast-schema-graph\">{\"@context\":\"https:\\\/\\\/schema.org\",\"@graph\":[{\"@type\":\"WebPage\",\"@id\":\"https:\\\/\\\/preprod.olympic.ca\\\/olympique\\\/presse\\\/jour-1-equipe-canada-a-lima-2019\\\/\",\"url\":\"https:\\\/\\\/preprod.olympic.ca\\\/olympique\\\/presse\\\/jour-1-equipe-canada-a-lima-2019\\\/\",\"name\":\"JOUR 1 : \u00c9quipe Canada \u00e0 Lima 2019 - \u00c9quipe Canada | Site officiel de l&#039;\u00e9quipe olympique\",\"isPartOf\":{\"@id\":\"https:\\\/\\\/preprod.olympic.ca\\\/olympique\\\/#website\"},\"primaryImageOfPage\":{\"@id\":\"https:\\\/\\\/preprod.olympic.ca\\\/olympique\\\/presse\\\/jour-1-equipe-canada-a-lima-2019\\\/#primaryimage\"},\"image\":{\"@id\":\"https:\\\/\\\/preprod.olympic.ca\\\/olympique\\\/presse\\\/jour-1-equipe-canada-a-lima-2019\\\/#primaryimage\"},\"thumbnailUrl\":\"https:\\\/\\\/preprod.olympic.ca\\\/olympique\\\/wp-content\\\/uploads\\\/sites\\\/2\\\/2019\\\/07\\\/feature_image-9.jpg?quality=100\",\"datePublished\":\"2019-07-28T03:19:16+00:00\",\"dateModified\":\"2019-07-28T03:24:42+00:00\",\"inLanguage\":\"fr-FR\",\"potentialAction\":[{\"@type\":\"ReadAction\",\"target\":[\"https:\\\/\\\/preprod.olympic.ca\\\/olympique\\\/presse\\\/jour-1-equipe-canada-a-lima-2019\\\/\"]}]},{\"@type\":\"ImageObject\",\"inLanguage\":\"fr-FR\",\"@id\":\"https:\\\/\\\/preprod.olympic.ca\\\/olympique\\\/presse\\\/jour-1-equipe-canada-a-lima-2019\\\/#primaryimage\",\"url\":\"https:\\\/\\\/preprod.olympic.ca\\\/olympique\\\/wp-content\\\/uploads\\\/sites\\\/2\\\/2019\\\/07\\\/feature_image-9.jpg?quality=100\",\"contentUrl\":\"https:\\\/\\\/preprod.olympic.ca\\\/olympique\\\/wp-content\\\/uploads\\\/sites\\\/2\\\/2019\\\/07\\\/feature_image-9.jpg?quality=100\",\"width\":1787,\"height\":1005},{\"@type\":\"WebSite\",\"@id\":\"https:\\\/\\\/preprod.olympic.ca\\\/olympique\\\/#website\",\"url\":\"https:\\\/\\\/preprod.olympic.ca\\\/olympique\\\/\",\"name\":\"\u00c9quipe Canada | Site officiel de l&#039;\u00e9quipe olympique\",\"description\":\"Votre source pour l\u2019\u00c9quipe olympique canadienne. Retrouvez les r\u00e9cits, vid\u00e9os et photos des athl\u00e8tes canadiens, sports olympiques, Jeux olympiques de 2020 et bien plus!\",\"potentialAction\":[{\"@type\":\"SearchAction\",\"target\":{\"@type\":\"EntryPoint\",\"urlTemplate\":\"https:\\\/\\\/preprod.olympic.ca\\\/olympique\\\/?s={search_term_string}\"},\"query-input\":{\"@type\":\"PropertyValueSpecification\",\"valueRequired\":true,\"valueName\":\"search_term_string\"}}],\"inLanguage\":\"fr-FR\"}]}<\/script>\n<!-- \/ Yoast SEO plugin. -->","yoast_head_json":{"title":"JOUR 1 : \u00c9quipe Canada \u00e0 Lima 2019 - \u00c9quipe Canada | Site officiel de l&#039;\u00e9quipe olympique","robots":{"index":"index","follow":"follow","max-snippet":"max-snippet:-1","max-image-preview":"max-image-preview:large","max-video-preview":"max-video-preview:-1"},"canonical":"https:\/\/preprod.olympic.ca\/olympique\/presse\/jour-1-equipe-canada-a-lima-2019\/","og_locale":"fr_FR","og_type":"article","og_title":"JOUR 1 : \u00c9quipe Canada \u00e0 Lima 2019 - \u00c9quipe Canada | Site officiel de l&#039;\u00e9quipe olympique","og_description":"LIMA, P\u00c9ROU \u2013 \u00c9quipe Canada conclut le Jour 1 aux Jeux de Lima 2019 avec une r\u00e9colte de six m\u00e9dailles....","og_url":"https:\/\/preprod.olympic.ca\/olympique\/presse\/jour-1-equipe-canada-a-lima-2019\/","og_site_name":"\u00c9quipe Canada | Site officiel de l&#039;\u00e9quipe olympique","article_modified_time":"2019-07-28T03:24:42+00:00","og_image":[{"width":1787,"height":1005,"url":"https:\/\/preprod.olympic.ca\/olympique\/wp-content\/uploads\/sites\/2\/2019\/07\/feature_image-9.jpg?quality=100","type":"image\/jpeg"}],"twitter_card":"summary_large_image","twitter_misc":{"Est. reading time":"4 minutes","Written by":"joshsu"},"schema":{"@context":"https:\/\/schema.org","@graph":[{"@type":"WebPage","@id":"https:\/\/preprod.olympic.ca\/olympique\/presse\/jour-1-equipe-canada-a-lima-2019\/","url":"https:\/\/preprod.olympic.ca\/olympique\/presse\/jour-1-equipe-canada-a-lima-2019\/","name":"JOUR 1 : \u00c9quipe Canada \u00e0 Lima 2019 - \u00c9quipe Canada | Site officiel de l&#039;\u00e9quipe olympique","isPartOf":{"@id":"https:\/\/preprod.olympic.ca\/olympique\/#website"},"primaryImageOfPage":{"@id":"https:\/\/preprod.olympic.ca\/olympique\/presse\/jour-1-equipe-canada-a-lima-2019\/#primaryimage"},"image":{"@id":"https:\/\/preprod.olympic.ca\/olympique\/presse\/jour-1-equipe-canada-a-lima-2019\/#primaryimage"},"thumbnailUrl":"https:\/\/preprod.olympic.ca\/olympique\/wp-content\/uploads\/sites\/2\/2019\/07\/feature_image-9.jpg?quality=100","datePublished":"2019-07-28T03:19:16+00:00","dateModified":"2019-07-28T03:24:42+00:00","inLanguage":"fr-FR","potentialAction":[{"@type":"ReadAction","target":["https:\/\/preprod.olympic.ca\/olympique\/presse\/jour-1-equipe-canada-a-lima-2019\/"]}]},{"@type":"ImageObject","inLanguage":"fr-FR","@id":"https:\/\/preprod.olympic.ca\/olympique\/presse\/jour-1-equipe-canada-a-lima-2019\/#primaryimage","url":"https:\/\/preprod.olympic.ca\/olympique\/wp-content\/uploads\/sites\/2\/2019\/07\/feature_image-9.jpg?quality=100","contentUrl":"https:\/\/preprod.olympic.ca\/olympique\/wp-content\/uploads\/sites\/2\/2019\/07\/feature_image-9.jpg?quality=100","width":1787,"height":1005},{"@type":"WebSite","@id":"https:\/\/preprod.olympic.ca\/olympique\/#website","url":"https:\/\/preprod.olympic.ca\/olympique\/","name":"\u00c9quipe Canada | Site officiel de l&#039;\u00e9quipe olympique","description":"Votre source pour l\u2019\u00c9quipe olympique canadienne. Retrouvez les r\u00e9cits, vid\u00e9os et photos des athl\u00e8tes canadiens, sports olympiques, Jeux olympiques de 2020 et bien plus!","potentialAction":[{"@type":"SearchAction","target":{"@type":"EntryPoint","urlTemplate":"https:\/\/preprod.olympic.ca\/olympique\/?s={search_term_string}"},"query-input":{"@type":"PropertyValueSpecification","valueRequired":true,"valueName":"search_term_string"}}],"inLanguage":"fr-FR"}]}},"jetpack_sharing_enabled":true,"_links":{"self":[{"href":"https:\/\/preprod.olympic.ca\/olympique\/wp-json\/wp\/v2\/press\/153487","targetHints":{"allow":["GET"]}}],"collection":[{"href":"https:\/\/preprod.olympic.ca\/olympique\/wp-json\/wp\/v2\/press"}],"about":[{"href":"https:\/\/preprod.olympic.ca\/olympique\/wp-json\/wp\/v2\/types\/press"}],"version-history":[{"count":1,"href":"https:\/\/preprod.olympic.ca\/olympique\/wp-json\/wp\/v2\/press\/153487\/revisions"}],"predecessor-version":[{"id":153489,"href":"https:\/\/preprod.olympic.ca\/olympique\/wp-json\/wp\/v2\/press\/153487\/revisions\/153489"}],"wp:featuredmedia":[{"embeddable":true,"href":"https:\/\/preprod.olympic.ca\/olympique\/wp-json\/wp\/v2\/media\/153488"}],"wp:attachment":[{"href":"https:\/\/preprod.olympic.ca\/olympique\/wp-json\/wp\/v2\/media?parent=153487"}],"wp:term":[{"taxonomy":"post_tag","embeddable":true,"href":"https:\/\/preprod.olympic.ca\/olympique\/wp-json\/wp\/v2\/tags?post=153487"},{"taxonomy":"type-of-press","embeddable":true,"href":"https:\/\/preprod.olympic.ca\/olympique\/wp-json\/wp\/v2\/type-of-press?post=153487"},{"taxonomy":"press-topic","embeddable":true,"href":"https:\/\/preprod.olympic.ca\/olympique\/wp-json\/wp\/v2\/press-topic?post=153487"},{"taxonomy":"years","embeddable":true,"href":"https:\/\/preprod.olympic.ca\/olympique\/wp-json\/wp\/v2\/years?post=153487"}],"curies":[{"name":"wp","href":"https:\/\/api.w.org\/{rel}","templated":true}]}}