{"id":153736,"date":"2019-07-30T23:10:16","date_gmt":"2019-07-31T03:10:16","guid":{"rendered":"http:\/\/olympique.ca\/?post_type=press&#038;p=153736"},"modified":"2019-07-31T11:32:36","modified_gmt":"2019-07-31T15:32:36","slug":"jour-4-equipe-canada-a-lima-2019","status":"publish","type":"press","link":"https:\/\/preprod.olympic.ca\/olympique\/presse\/jour-4-equipe-canada-a-lima-2019\/","title":{"rendered":"JOUR 4 : \u00c9quipe Canada \u00e0 Lima 2019"},"content":{"rendered":"<p><b>LIMA, P\u00c9ROU<\/b><span style=\"font-weight:300;\"> &#8211; La gymnaste artistique Ellie Black a connu une autre journ\u00e9e historique \u00e0 Lima en devenant l\u2019athl\u00e8te canadienne la plus d\u00e9cor\u00e9e de son sport aux Jeux panam\u00e9ricains, et cela, avec encore deux autres \u00e9preuves au menu. La quatri\u00e8me journ\u00e9e des Jeux a \u00e9t\u00e9 une histoire de famille au ski nautique alors que Dorien Llewellyn, fils du 11 fois m\u00e9daill\u00e9 des Jeux panam\u00e9ricains Jaret Llewellyn a remport\u00e9 sa troisi\u00e8me m\u00e9daille \u00e0 ses premiers Jeux panam\u00e9ricains, puis le duo de belle-m\u00e8re et belle-fille compos\u00e9e de Whitney McClintoick Rini et Paige Rini qui ont chacune remport\u00e9 leur troisi\u00e8me m\u00e9daille \u00e0 Lima 2019.<\/span><\/p>\n<p><b>TOTAL DES M\u00c9DAILLES D\u2019\u00c9QUIPE CANADA<\/b><\/p>\n<p><span style=\"font-weight:300;\">OR : 8 | ARGENT : 19 | BRONZE : 16 | TOTAL : 43<\/span><\/p>\n<p><span style=\"font-weight:300;\">R\u00c9SULTATS :<\/span><a href=\"https:\/\/docs.google.com\/spreadsheets\/d\/1ih9SXslVSKnN8huxvx99KPmM6xPTcGBRVzCpp_PUBK4\/edit?usp=sharing\"> <span style=\"font-weight:300;\">R\u00e9sultats des comp\u00e9titions d\u2019\u00c9quipe Canada \u00e0 Lima 2019.<\/span><span style=\"font-weight:300;\"><br \/>\n<\/span><span style=\"font-weight:300;\"><br \/>\n<\/span><\/a><span style=\"font-weight:300;\">HORAIRE :<\/span><a href=\"https:\/\/docs.google.com\/spreadsheets\/d\/1kfHSDhcsaw2jP2ZWOeberGZ8jz7cS1cv4ohinKTQ0vA\/edit?usp=sharing\"> <span style=\"font-weight:300;\">Horaire de comp\u00e9tition d\u2019\u00c9quipe Canada \u00e0 Lima 2019.<\/span><\/a><\/p>\n<p><b>FAITS SAILLANTS DU JOUR 4<\/b><\/p>\n<ul>\n<li style=\"font-weight:300;\"><span style=\"font-weight:300;\">Ellie Black devient la gymnaste canadienne la plus d\u00e9cor\u00e9e de l\u2019histoire des Jeux panam\u00e9ricains en d\u00e9crochant une neuvi\u00e8me m\u00e9daille;<\/span><\/li>\n<li style=\"font-weight:300;\"><span style=\"font-weight:300;\">Avec encore deux \u00e9preuves au menu, Black pourrait abaisser le record du skieur nautique Jaret Llewellyn pour le plus grand nombre de m\u00e9dailles d\u2019or remport\u00e9es par un(e) Canadien(e) \u00e0 une \u00e9dition des Jeux panam\u00e9ricains, tous sports confondus;<\/span><\/li>\n<li style=\"font-weight:300;\"><span style=\"font-weight:300;\">Black devient aussi la premi\u00e8re gymnaste canadienne \u00e0 avoir remport\u00e9 cinq m\u00e9dailles d\u2019or aux Jeux panam\u00e9ricains;<\/span><\/li>\n<li style=\"font-weight:300;\"><span style=\"font-weight:300;\">Andr\u00e9anne Langlois d\u00e9croche sa quatri\u00e8me m\u00e9daille \u00e0 Lima 2019 alors que les pagayeurs canadiens de cano\u00eb-kayak de vitesse ajoutent trois autres m\u00e9dailles pour porter leur total \u00e0 10 podiums \u00e0 Lima 2019;<\/span><\/li>\n<li style=\"font-weight:300;\"><span style=\"font-weight:300;\">L\u2019\u00e9quipe canadienne de ski nautique \u00e0 Lima 2019 \u00e9tablit un record canadien en remportant 10 m\u00e9dailles dans une seule \u00e9dition des Jeux panam\u00e9ricains;<\/span><\/li>\n<\/ul>\n<p>&nbsp;<\/p>\n<p><b>D\u00c9CLARATIONS DU JOUR 4<\/b><\/p>\n<p><span style=\"font-weight:300;\">Dorien LLEWELLYN (M\u00e9daill\u00e9 d\u2019or : Ski nautique &#8211; Cumulatif masculin \/ M\u00e9daill\u00e9 d\u2019argent : Ski nautique &#8211; Figures masculines \/ M\u00e9daill\u00e9 de bronze : Ski nautique &#8211; Sauts masculins) Sur les d\u00e9fis de l\u2019\u00e9preuve cumulative :<\/span><\/p>\n<p><span style=\"font-weight:300;\">\u00ab Nous investissons toute notre vie dans notre sport et nous aimons certainement ce que nous faisons. Pour moi, l\u2019\u00e9preuve cumulative est ma sp\u00e9cialit\u00e9. J\u2019aime cette \u00e9preuve et m\u00eame aujourd\u2019hui ce n\u2019\u00e9tait pas seulement des montagnes russes sur le plan physique, mais aussi mentalement parce que tu peux tout g\u00e2cher d\u00e8s ta premi\u00e8re sortie sur l\u2019eau. \u00bb<\/span><\/p>\n<p><span style=\"font-weight:300;\">Dorien LLEWELLYN (M\u00e9daill\u00e9 d\u2019or : Ski nautique &#8211; Cumulatif masculin \/ M\u00e9daill\u00e9 d\u2019argent : Ski nautique &#8211; Figures masculines \/ M\u00e9daill\u00e9 de bronze : Ski nautique &#8211; Sauts masculins) Sur sa m\u00e9daille d\u2019or au cumulatif, qui lui permet de repartir de Lima 2019 avec trois m\u00e9dailles :<\/span> <span style=\"font-weight:300;\"><br \/>\n<\/span><\/p>\n<p><span style=\"font-weight:300;\">\u00ab C\u2019est ma fiert\u00e9 et ma joie. C\u2019est ce que j\u2019aime faire. J\u2019\u00e9tais ici pour trois \u00e9preuves alors de gagner cette derni\u00e8re vient certainement couronner une grosse semaine. Cette exp\u00e9rience me rend d\u00e9j\u00e0 impatient pour les prochains (Jeux panam\u00e9ricains) au Chili et cela me donne la motivation de continuer \u00e0 travailler dur avec l\u2019espoir de revivre ces sentiments quand nous y serons. \u00bb<\/span><\/p>\n<p><span style=\"font-weight:300;\">Ellie BLACK (M\u00e9daill\u00e9e d\u2019or : Gymnastique artistique &#8211; Saut de cheval f\u00e9minin \/ M\u00e9daill\u00e9e de bronze : Gymnastique artistique : barres asym\u00e9triques) sur ses deux m\u00e9dailles remport\u00e9es mardi :\u00a0<\/span><\/p>\n<p><span style=\"font-weight:300;\">\u00ab La journ\u00e9e d\u2019aujourd\u2019hui a \u00e9t\u00e9 incroyable. Je suis tr\u00e8s heureuse d\u2019\u00eatre en action avec mes co\u00e9quipi\u00e8res Shallon Olsen au saut de cheval et Brooklyn Moors aux barres asym\u00e9triques. Nous d\u00e9sirions offrir de solides performances et c\u2019est ce que nous avons fait. C\u2019est magnifique de remporter d\u2019autres m\u00e9dailles pour le Canada. \u00bb<\/span><\/p>\n<p><span style=\"font-weight:300;\">Shallon OLSEN (M\u00e9daill\u00e9e de bronze : Gymnastique artistique &#8211; Saut de cheval f\u00e9minin) \u00c0 propos de la pr\u00e9sence de deux Canadiennes sur le podium du saut de cheval avec sa co\u00e9quipi\u00e8re Ellie Black qui a d\u00e9croch\u00e9 l\u2019or : <\/span><span style=\"font-weight:300;\"><br \/>\n<\/span><span style=\"font-weight:300;\"><br \/>\n<\/span><span style=\"font-weight:300;\">\u00ab\u00a0C\u2019\u00e9tait magnifique de pouvoir \u00eatre sur le podium avec Elly. Elle est bien plus qu\u2019une co\u00e9quipi\u00e8re pour moi, c\u2019est un exemple. Elle a vraiment eu une grande influence sur moi \u00e0 ces Jeux. Je suis reconnaissant qu\u2019elle est une amie pour la vie, toujours l\u00e0 pour me guider. Notre \u00e9quipe a tellement de potentiel. Nous travaillons tellement dur dans le gymnase et ce sont les petits d\u00e9tails qui comptent le plus comme une ex\u00e9cution plus peaufin\u00e9e et un meilleur sens artistique, puis nous croyons qu\u2019on peut toujours faire mieux. Cependant, aujourd\u2019hui je suis seulement heureuse pour le Canada.\u00a0\u00bb\u00a0<\/span><\/p>\n<p><span style=\"font-weight:300;\">Andr\u00e9anne LANGLOIS (M\u00e9daill\u00e9e d\u2019argent : Cano\u00eb-kayak &#8211; K-1 200 m f\u00e9minin) Sur sa r\u00e9colte de quatre m\u00e9dailles aux Jeux de Lima 2019 : <\/span><span style=\"font-weight:300;\"><br \/>\n<\/span><span style=\"font-weight:300;\"><br \/>\n<\/span><span style=\"font-weight:300;\">\u00ab Je suis tr\u00e8s heureuse de plusieurs de mes courses. C\u2019\u00e9tait un tr\u00e8s gros d\u00e9fi de participer \u00e0 autant d\u2019\u00e9preuves, mais je d\u00e9sirais relever ce d\u00e9fi alors c\u2019\u00e9tait une bonne exp\u00e9rience. J\u2019ai beaucoup appris. M\u00eame quand \u00e7a fait 20 ans que tu pagaies, tu apprends toujours alors c\u2019est bon. \u00bb <\/span><\/p>\n<p><b>RESSOURCES<\/b><\/p>\n<p><span style=\"font-weight:300;\">D\u00c9CLARATIONS :<\/span><a href=\"https:\/\/docs.google.com\/document\/d\/1-CmzPOaYyaJwMJGGQgp8fuCxdORrzoysVTvhLutoFHI\/edit?usp=sharing\"> <span style=\"font-weight:300;\">D\u00e9claration du jour d\u2019\u00c9quipe Canada \u00e0 Lima 2019<\/span><span style=\"font-weight:300;\">.<\/span><\/a><span style=\"font-weight:300;\"> (mises \u00e0 jour en direct)<\/span><\/p>\n<p><span style=\"font-weight:300;\">PHOTOS :<\/span><a href=\"http:\/\/images.olympic.ca\"> <span style=\"font-weight:300;\">Soumettez une demande d\u2019utilisation de photos \u00e0 des fins \u00e9ditoriales sur images.olympic.ca.<\/span><\/a><\/p>\n<p><span style=\"font-weight:300;\">LES JEUX DE LIMA D\u00c9CHIFFR\u00c9S : <\/span><a href=\"https:\/\/docs.google.com\/document\/d\/1eHiEkxo8kZxUXlcRYFT9fQqlIeI-dmMQebzE04VtuXw\/edit#\"><span style=\"font-weight:300;\">Statistiques sur certains sports au programme des Jeux de Lima 2019.<\/span><\/a><\/p>\n<p><span style=\"font-weight:300;\">VISITEZ :<\/span><a href=\"https:\/\/olympique.ca\/ressources\/\"><span style=\"font-weight:300;\"> https:\/\/olympique.ca\/ressources\/ pour d\u2019autres informations.<\/span><\/a><\/p>\n<p><span style=\"font-weight:300;\">SUIVEZ :<\/span><a href=\"https:\/\/twitter.com\/TeamCanadaPR\"> <span style=\"font-weight:300;\">@TeamCanadaPR pour les alertes en direct de m\u00e9dailles.<\/span><\/a><\/p>\n<p><span style=\"font-weight:300;\">TOKYO 2020 :<\/span><a href=\"https:\/\/preprod.olympic.ca\/2019\/06\/10\/olympic-qualification-for-tokyo-2020-at-lima-2019\/\"> <span style=\"font-weight:300;\">Qualification olympique pour Tokyo 2020 \u00e0 Lima 2019.<\/span><\/a><\/p>\n<p><b>QUIZ D\u2019\u00c9QUIPE CANADA <\/b><\/p>\n<p><span style=\"font-family:-apple-system, BlinkMacSystemFont, 'Segoe UI', Roboto, Oxygen-Sans, Ubuntu, Cantarell, 'Helvetica Neue', sans-serif;\">Q. Quel(le) athl\u00e8te canadien(ne) a remport\u00e9 le plus de m\u00e9dailles aux Jeux panam\u00e9ricains en carri\u00e8re?<\/span><\/p>\n<p><span style=\"font-weight:300;\">R. <\/span><span style=\"font-family:-apple-system, BlinkMacSystemFont, 'Segoe UI', Roboto, Oxygen-Sans, Ubuntu, Cantarell, 'Helvetica Neue', sans-serif;\">L\u2019athl\u00e8te canadien(ne) la plus d\u00e9cor\u00e9(e) aux Jeux panam\u00e9ricains est Joanne Malar (natation) qui a remport\u00e9 19 m\u00e9dailles, notamment six d\u2019or entre 1991 et 2003.<\/span><\/p>\n<p style=\"text-align:center;\"><span style=\"font-weight:300;\">-30-<\/span><\/p>\n<p><span style=\"font-weight:300;\">CONTACT POUR LES M\u00c9DIAS<\/span><\/p>\n<p><span style=\"font-weight:300;\">Josh Su, responsable des relations avec les m\u00e9dias<\/span><span style=\"font-weight:300;\"><br \/>\n<\/span><span style=\"font-weight:300;\">Comit\u00e9 olympique canadien<\/span><span style=\"font-weight:300;\"><br \/>\n<\/span><span style=\"font-weight:300;\">P\u00e9rou : +51 1 920 259 209<\/span><span style=\"font-weight:300;\"><br \/>\n<\/span><span style=\"font-weight:300;\">WhatsApp : 647-464-4060<\/span><span style=\"font-weight:300;\"><br \/>\n<\/span><span style=\"font-weight:300;\">Courriel : <\/span><a href=\"mailto:jsu@olympique.ca\"><span style=\"font-weight:300;\">jsu@olympique.ca<\/span><\/a><\/p>\n","protected":false},"excerpt":{"rendered":"<p>LIMA, P\u00c9ROU &#8211; La gymnaste artistique Ellie Black a connu une autre journ\u00e9e historique \u00e0 Lima en devenant l\u2019athl\u00e8te canadienne&#8230;<\/p>\n","protected":false},"featured_media":153738,"template":"","format":"standard","tags":[],"type-of-press":[496138],"press-topic":[415987821],"years":[415988137],"class_list":["post-153736","press","type-press","status-publish","format-standard","has-post-thumbnail","hentry","type-of-press-communiques","press-topic-lima-2019","years-415988137"],"acf":[],"yoast_head":"<!-- This site is optimized with the Yoast SEO plugin v27.3 - https:\/\/yoast.com\/product\/yoast-seo-wordpress\/ -->\n<title>JOUR 4 : \u00c9quipe Canada \u00e0 Lima 2019 - \u00c9quipe Canada | Site officiel de l&#039;\u00e9quipe olympique<\/title>\n<meta name=\"robots\" content=\"index, follow, max-snippet:-1, max-image-preview:large, max-video-preview:-1\" \/>\n<link rel=\"canonical\" href=\"https:\/\/preprod.olympic.ca\/olympique\/presse\/jour-4-equipe-canada-a-lima-2019\/\" \/>\n<meta property=\"og:locale\" content=\"fr_FR\" \/>\n<meta property=\"og:type\" content=\"article\" \/>\n<meta property=\"og:title\" content=\"JOUR 4 : \u00c9quipe Canada \u00e0 Lima 2019 - \u00c9quipe Canada | Site officiel de l&#039;\u00e9quipe olympique\" \/>\n<meta property=\"og:description\" content=\"LIMA, P\u00c9ROU &#8211; La gymnaste artistique Ellie Black a connu une autre journ\u00e9e historique \u00e0 Lima en devenant l\u2019athl\u00e8te canadienne...\" \/>\n<meta property=\"og:url\" content=\"https:\/\/preprod.olympic.ca\/olympique\/presse\/jour-4-equipe-canada-a-lima-2019\/\" \/>\n<meta property=\"og:site_name\" content=\"\u00c9quipe Canada | Site officiel de l&#039;\u00e9quipe olympique\" \/>\n<meta property=\"article:modified_time\" content=\"2019-07-31T15:32:36+00:00\" \/>\n<meta property=\"og:image\" content=\"https:\/\/preprod.olympic.ca\/olympique\/wp-content\/uploads\/sites\/2\/2019\/07\/feature_image-12.jpg?quality=100\" \/>\n\t<meta property=\"og:image:width\" content=\"1787\" \/>\n\t<meta property=\"og:image:height\" content=\"1005\" \/>\n\t<meta property=\"og:image:type\" content=\"image\/jpeg\" \/>\n<meta name=\"twitter:card\" content=\"summary_large_image\" \/>\n<meta name=\"twitter:label1\" content=\"Est. reading time\" \/>\n\t<meta name=\"twitter:data1\" content=\"5 minutes\" \/>\n\t<meta name=\"twitter:label2\" content=\"Written by\" \/>\n\t<meta name=\"twitter:data2\" content=\"joshsu\" \/>\n<script type=\"application\/ld+json\" class=\"yoast-schema-graph\">{\"@context\":\"https:\\\/\\\/schema.org\",\"@graph\":[{\"@type\":\"WebPage\",\"@id\":\"https:\\\/\\\/preprod.olympic.ca\\\/olympique\\\/presse\\\/jour-4-equipe-canada-a-lima-2019\\\/\",\"url\":\"https:\\\/\\\/preprod.olympic.ca\\\/olympique\\\/presse\\\/jour-4-equipe-canada-a-lima-2019\\\/\",\"name\":\"JOUR 4 : \u00c9quipe Canada \u00e0 Lima 2019 - \u00c9quipe Canada | Site officiel de l&#039;\u00e9quipe olympique\",\"isPartOf\":{\"@id\":\"https:\\\/\\\/preprod.olympic.ca\\\/olympique\\\/#website\"},\"primaryImageOfPage\":{\"@id\":\"https:\\\/\\\/preprod.olympic.ca\\\/olympique\\\/presse\\\/jour-4-equipe-canada-a-lima-2019\\\/#primaryimage\"},\"image\":{\"@id\":\"https:\\\/\\\/preprod.olympic.ca\\\/olympique\\\/presse\\\/jour-4-equipe-canada-a-lima-2019\\\/#primaryimage\"},\"thumbnailUrl\":\"https:\\\/\\\/preprod.olympic.ca\\\/olympique\\\/wp-content\\\/uploads\\\/sites\\\/2\\\/2019\\\/07\\\/feature_image-12.jpg?quality=100\",\"datePublished\":\"2019-07-31T03:10:16+00:00\",\"dateModified\":\"2019-07-31T15:32:36+00:00\",\"inLanguage\":\"fr-FR\",\"potentialAction\":[{\"@type\":\"ReadAction\",\"target\":[\"https:\\\/\\\/preprod.olympic.ca\\\/olympique\\\/presse\\\/jour-4-equipe-canada-a-lima-2019\\\/\"]}]},{\"@type\":\"ImageObject\",\"inLanguage\":\"fr-FR\",\"@id\":\"https:\\\/\\\/preprod.olympic.ca\\\/olympique\\\/presse\\\/jour-4-equipe-canada-a-lima-2019\\\/#primaryimage\",\"url\":\"https:\\\/\\\/preprod.olympic.ca\\\/olympique\\\/wp-content\\\/uploads\\\/sites\\\/2\\\/2019\\\/07\\\/feature_image-12.jpg?quality=100\",\"contentUrl\":\"https:\\\/\\\/preprod.olympic.ca\\\/olympique\\\/wp-content\\\/uploads\\\/sites\\\/2\\\/2019\\\/07\\\/feature_image-12.jpg?quality=100\",\"width\":1787,\"height\":1005},{\"@type\":\"WebSite\",\"@id\":\"https:\\\/\\\/preprod.olympic.ca\\\/olympique\\\/#website\",\"url\":\"https:\\\/\\\/preprod.olympic.ca\\\/olympique\\\/\",\"name\":\"\u00c9quipe Canada | Site officiel de l&#039;\u00e9quipe olympique\",\"description\":\"Votre source pour l\u2019\u00c9quipe olympique canadienne. Retrouvez les r\u00e9cits, vid\u00e9os et photos des athl\u00e8tes canadiens, sports olympiques, Jeux olympiques de 2020 et bien plus!\",\"potentialAction\":[{\"@type\":\"SearchAction\",\"target\":{\"@type\":\"EntryPoint\",\"urlTemplate\":\"https:\\\/\\\/preprod.olympic.ca\\\/olympique\\\/?s={search_term_string}\"},\"query-input\":{\"@type\":\"PropertyValueSpecification\",\"valueRequired\":true,\"valueName\":\"search_term_string\"}}],\"inLanguage\":\"fr-FR\"}]}<\/script>\n<!-- \/ Yoast SEO plugin. -->","yoast_head_json":{"title":"JOUR 4 : \u00c9quipe Canada \u00e0 Lima 2019 - \u00c9quipe Canada | Site officiel de l&#039;\u00e9quipe olympique","robots":{"index":"index","follow":"follow","max-snippet":"max-snippet:-1","max-image-preview":"max-image-preview:large","max-video-preview":"max-video-preview:-1"},"canonical":"https:\/\/preprod.olympic.ca\/olympique\/presse\/jour-4-equipe-canada-a-lima-2019\/","og_locale":"fr_FR","og_type":"article","og_title":"JOUR 4 : \u00c9quipe Canada \u00e0 Lima 2019 - \u00c9quipe Canada | Site officiel de l&#039;\u00e9quipe olympique","og_description":"LIMA, P\u00c9ROU &#8211; La gymnaste artistique Ellie Black a connu une autre journ\u00e9e historique \u00e0 Lima en devenant l\u2019athl\u00e8te canadienne...","og_url":"https:\/\/preprod.olympic.ca\/olympique\/presse\/jour-4-equipe-canada-a-lima-2019\/","og_site_name":"\u00c9quipe Canada | Site officiel de l&#039;\u00e9quipe olympique","article_modified_time":"2019-07-31T15:32:36+00:00","og_image":[{"width":1787,"height":1005,"url":"https:\/\/preprod.olympic.ca\/olympique\/wp-content\/uploads\/sites\/2\/2019\/07\/feature_image-12.jpg?quality=100","type":"image\/jpeg"}],"twitter_card":"summary_large_image","twitter_misc":{"Est. reading time":"5 minutes","Written by":"joshsu"},"schema":{"@context":"https:\/\/schema.org","@graph":[{"@type":"WebPage","@id":"https:\/\/preprod.olympic.ca\/olympique\/presse\/jour-4-equipe-canada-a-lima-2019\/","url":"https:\/\/preprod.olympic.ca\/olympique\/presse\/jour-4-equipe-canada-a-lima-2019\/","name":"JOUR 4 : \u00c9quipe Canada \u00e0 Lima 2019 - \u00c9quipe Canada | Site officiel de l&#039;\u00e9quipe olympique","isPartOf":{"@id":"https:\/\/preprod.olympic.ca\/olympique\/#website"},"primaryImageOfPage":{"@id":"https:\/\/preprod.olympic.ca\/olympique\/presse\/jour-4-equipe-canada-a-lima-2019\/#primaryimage"},"image":{"@id":"https:\/\/preprod.olympic.ca\/olympique\/presse\/jour-4-equipe-canada-a-lima-2019\/#primaryimage"},"thumbnailUrl":"https:\/\/preprod.olympic.ca\/olympique\/wp-content\/uploads\/sites\/2\/2019\/07\/feature_image-12.jpg?quality=100","datePublished":"2019-07-31T03:10:16+00:00","dateModified":"2019-07-31T15:32:36+00:00","inLanguage":"fr-FR","potentialAction":[{"@type":"ReadAction","target":["https:\/\/preprod.olympic.ca\/olympique\/presse\/jour-4-equipe-canada-a-lima-2019\/"]}]},{"@type":"ImageObject","inLanguage":"fr-FR","@id":"https:\/\/preprod.olympic.ca\/olympique\/presse\/jour-4-equipe-canada-a-lima-2019\/#primaryimage","url":"https:\/\/preprod.olympic.ca\/olympique\/wp-content\/uploads\/sites\/2\/2019\/07\/feature_image-12.jpg?quality=100","contentUrl":"https:\/\/preprod.olympic.ca\/olympique\/wp-content\/uploads\/sites\/2\/2019\/07\/feature_image-12.jpg?quality=100","width":1787,"height":1005},{"@type":"WebSite","@id":"https:\/\/preprod.olympic.ca\/olympique\/#website","url":"https:\/\/preprod.olympic.ca\/olympique\/","name":"\u00c9quipe Canada | Site officiel de l&#039;\u00e9quipe olympique","description":"Votre source pour l\u2019\u00c9quipe olympique canadienne. Retrouvez les r\u00e9cits, vid\u00e9os et photos des athl\u00e8tes canadiens, sports olympiques, Jeux olympiques de 2020 et bien plus!","potentialAction":[{"@type":"SearchAction","target":{"@type":"EntryPoint","urlTemplate":"https:\/\/preprod.olympic.ca\/olympique\/?s={search_term_string}"},"query-input":{"@type":"PropertyValueSpecification","valueRequired":true,"valueName":"search_term_string"}}],"inLanguage":"fr-FR"}]}},"jetpack_sharing_enabled":true,"_links":{"self":[{"href":"https:\/\/preprod.olympic.ca\/olympique\/wp-json\/wp\/v2\/press\/153736","targetHints":{"allow":["GET"]}}],"collection":[{"href":"https:\/\/preprod.olympic.ca\/olympique\/wp-json\/wp\/v2\/press"}],"about":[{"href":"https:\/\/preprod.olympic.ca\/olympique\/wp-json\/wp\/v2\/types\/press"}],"version-history":[{"count":1,"href":"https:\/\/preprod.olympic.ca\/olympique\/wp-json\/wp\/v2\/press\/153736\/revisions"}],"predecessor-version":[{"id":153737,"href":"https:\/\/preprod.olympic.ca\/olympique\/wp-json\/wp\/v2\/press\/153736\/revisions\/153737"}],"wp:featuredmedia":[{"embeddable":true,"href":"https:\/\/preprod.olympic.ca\/olympique\/wp-json\/wp\/v2\/media\/153738"}],"wp:attachment":[{"href":"https:\/\/preprod.olympic.ca\/olympique\/wp-json\/wp\/v2\/media?parent=153736"}],"wp:term":[{"taxonomy":"post_tag","embeddable":true,"href":"https:\/\/preprod.olympic.ca\/olympique\/wp-json\/wp\/v2\/tags?post=153736"},{"taxonomy":"type-of-press","embeddable":true,"href":"https:\/\/preprod.olympic.ca\/olympique\/wp-json\/wp\/v2\/type-of-press?post=153736"},{"taxonomy":"press-topic","embeddable":true,"href":"https:\/\/preprod.olympic.ca\/olympique\/wp-json\/wp\/v2\/press-topic?post=153736"},{"taxonomy":"years","embeddable":true,"href":"https:\/\/preprod.olympic.ca\/olympique\/wp-json\/wp\/v2\/years?post=153736"}],"curies":[{"name":"wp","href":"https:\/\/api.w.org\/{rel}","templated":true}]}}