{"id":153781,"date":"2019-07-31T22:52:52","date_gmt":"2019-08-01T02:52:52","guid":{"rendered":"http:\/\/olympique.ca\/?post_type=press&#038;p=153781"},"modified":"2019-07-31T23:24:26","modified_gmt":"2019-08-01T03:24:26","slug":"jour-4-equipe-canada-a-lima-2019-2","status":"publish","type":"press","link":"https:\/\/preprod.olympic.ca\/olympique\/presse\/jour-4-equipe-canada-a-lima-2019-2\/","title":{"rendered":"JOUR 5 : \u00c9quipe Canada \u00e0 Lima 2019"},"content":{"rendered":"<p><b>LIMA, P\u00c9ROU<\/b><span style=\"font-weight:300;\"> &#8211; \u00c9quipe Canada a d\u00e9croch\u00e9 des places de qualification en natation artistique pour les Jeux olympiques de Tokyo 2020 apr\u00e8s avoir d\u00e9croch\u00e9 l\u2019or aux \u00e9preuves du duo et par \u00e9quipe \u00e0 Lima 2019. Les \u00e9quipes canadiennes f\u00e9minine et masculine de squash ont conclu leurs Jeux en ajoutant respectivement une m\u00e9daille d\u2019argent et une m\u00e9daille de bronze, pour un total de huit m\u00e9dailles au squash, un record canadien aux Jeux panam\u00e9ricains pour ce sport.\u00a0<\/span><\/p>\n<p><b>TOTAL DES M\u00c9DAILLES D\u2019\u00c9QUIPE CANADA :<\/b><\/p>\n<p><span style=\"font-weight:300;\">OR : 11 | ARGENT : 22 | BRONZE : 18 | TOTAL : 51<\/span><\/p>\n<p><span style=\"font-weight:300;\">R\u00c9SULTATS :<\/span><a href=\"https:\/\/docs.google.com\/spreadsheets\/d\/1ih9SXslVSKnN8huxvx99KPmM6xPTcGBRVzCpp_PUBK4\/edit?usp=sharing\"> <span style=\"font-weight:300;\">R\u00e9sultats des comp\u00e9titions d\u2019\u00c9quipe Canada \u00e0 Lima 2019.<\/span><span style=\"font-weight:300;\"><br \/>\n<\/span><span style=\"font-weight:300;\"><br \/>\n<\/span><\/a><span style=\"font-weight:300;\">HORAIRE :<\/span><a href=\"https:\/\/docs.google.com\/spreadsheets\/d\/1kfHSDhcsaw2jP2ZWOeberGZ8jz7cS1cv4ohinKTQ0vA\/edit?usp=sharing\"> <span style=\"font-weight:300;\">Horaire de comp\u00e9tition d\u2019\u00c9quipe Canada \u00e0 Lima 2019.<\/span><\/a><\/p>\n<p><b>FAITS SAILLANTS DU JOUR 5 :<\/b><\/p>\n<ul>\n<li style=\"font-weight:300;\"><span style=\"font-weight:300;\">Le duo et l\u2019\u00e9quipe de natation artistique du Canada se sont qualifi\u00e9s pour les Jeux olympiques de Tokyo 2020 en remportant la m\u00e9daille d\u2019or de ces deux \u00e9preuves \u00e0 Lima 2019;<\/span><\/li>\n<li style=\"font-weight:300;\"><span style=\"font-weight:300;\">Les huit m\u00e9dailles de squash du Canada \u00e0 Lima 2019 repr\u00e9sentent un record canadien des Jeux panam\u00e9ricains (l\u2019ancienne marque \u00e9tait de six m\u00e9dailles, \u00e9tablies en 1995, 2003, 2011 et 2015);<\/span><\/li>\n<li style=\"font-weight:300;\"><span style=\"font-weight:300;\">Le tireur Curtis Wennberg remporte sa premi\u00e8re m\u00e9daille des Jeux panam\u00e9ricains (une m\u00e9daille de bronze) depuis l\u2019or qu\u2019il a remport\u00e9 au tir \u00e0 la fosse par \u00e9quipe mixte \u00e0 Cuba en 1991.<\/span><\/li>\n<\/ul>\n<p><b><br \/>\nD\u00c9CLARATIONS DU JOUR 5 :<\/b><\/p>\n<p><span style=\"font-weight:300;\">Jacqueline SIMONEAU (M\u00e9daill\u00e9e d\u2019or : Natation artistique &#8211; Duo) sur le rituel qu\u2019elles sont avant de sortir pour une comp\u00e9tition :<\/span><\/p>\n<p><span style=\"font-weight:300;\">\u00ab On se tient les mains et on se regarde droit dans les yeux en disant \u2018Je te fais confiance\u2019. Puis il y a un mot secret qu\u2019on se dit tout juste avant d\u2019y aller. C\u2019est quelque chose qu\u2019on a commenc\u00e9 \u00e0 faire depuis qu\u2019on nage ensemble. C\u2019est un mot ridicule, mais pour nous il veut dire que nous pouvons nous appuyer calmement avec confiance. Ce mot, c\u2019est \u2018Perry\u2019 pour Perry l&rsquo;ornithorynque, un personnage de l\u2019\u00e9mission Phineas et Ferb de Disney. \u00bb<\/span><\/p>\n<p><span style=\"font-weight:300;\">Claudia HOLZNER (M\u00e9daill\u00e9e d\u2019or : Natation artistique &#8211; Duo) sur la place de qualification acquise pour le Canada pour l\u2019\u00e9preuve de duo en natation artistique \u00e0 Tokyo 2020 :<\/span><\/p>\n<p><span style=\"font-weight:300;\">\u00ab Les mots ne peuvent d\u00e9crire comment je me sens maintenant. Je m\u2019entra\u00eene depuis environ huit ans avec l\u2019\u00e9quipe nationale et de pouvoir dire que j\u2019irai aux Jeux olympiques est simplement incroyable. Nous avions encercl\u00e9 la date du 31 juillet sur notre calendrier depuis janvier et maintenant c\u2019est r\u00e9ussi! \u00bb<\/span><\/p>\n<p><span style=\"font-weight:300;\">Claudia HOLZNER (M\u00e9daill\u00e9e d\u2019or : Natation artistique &#8211; Duo) sur la connexion qu\u2019elle a avec sa partenaire du duo :<\/span><\/p>\n<p><span style=\"font-weight:300;\">\u00ab C\u2019est tellement un moment sp\u00e9cial. Avant de nager, notre entra\u00eeneur Gabor (Szauder de la Hongrie) nous a dit : \u2018Jackie fonce comme si c\u2019\u00e9taient de deuxi\u00e8mes Jeux olympiques et Claudia, devient une Olympienne\u2019. \u00bb<\/span><\/p>\n<p><span style=\"font-weight:300;\">Ellie BLACK (Quintuple m\u00e9daill\u00e9e de Lima 2019 : Gymnastique artistique \/ OR &#8211; Concours g\u00e9n\u00e9ral \/ OR &#8211; Saut de cheval \/ ARGENT &#8211; Poutre \/ ARGENT &#8211; Par \u00e9quipe \/ BRONZE &#8211; Barres parall\u00e8les) \u00e0\u00a0 propos de sa m\u00e9daille favorite \u00e0 Lima 2019 apr\u00e8s en avoir remport\u00e9 cinq :<\/span><\/p>\n<p><span style=\"font-weight:300;\">\u201cJe dirais celle par \u00e9quipe. L\u2019\u00e9preuve par \u00e9quipe est toujours ma favorite. Je sais combien dur l\u2019\u00e9quipe a travaill\u00e9 alors de pouvoir sortir et de partager la m\u00e9daille d\u2019argent avec ces filles et simplement tr\u00e8s sp\u00e9cial. Je ne pense pas seulement aux filles qui sont ici, mais celles aussi qui sont \u00e0 la maison et qui s\u2019entra\u00eenent. Toutes les m\u00e9dailles sont tr\u00e8s sp\u00e9ciales, mais c\u2019est magnifique de pouvoir les partager avec tes co\u00e9quipi\u00e8res. J\u2019ai personnellement r\u00e9ussi beaucoup de routines et c\u2019\u00e9tait ma part de travailler sur ma constance. \u00catre calme, d\u00e9tendue et sortir. Je suis vraiment tr\u00e8s heureuse de ma performance.\u201d <\/span><span style=\"font-weight:300;\"><br \/>\n<\/span><span style=\"font-weight:300;\"><br \/>\n<\/span><span style=\"font-weight:300;\">Curtis WENNBERG (M\u00e9daill\u00e9 de bronze : Tir &#8211; Tir \u00e0 la fosse par \u00e9quipe mixte) sur sa m\u00e9daille par \u00e9quipe remport\u00e9e 28 ans apr\u00e8s sa premi\u00e8re m\u00e9daille aux Jeux panam\u00e9ricains :<\/span><\/p>\n<p><span style=\"font-weight:300;\">\u00ab Au cours des deux jours pr\u00e9c\u00e9dents, je n\u2019\u00e9tais pas tout fait \u00e0 point, puisque dans l\u2019\u00e9preuve pr\u00e9c\u00e9dente, tout fonctionnait et je me sens bien, parce qu\u2019il y a 28 ans que j\u2019ai remport\u00e9 ma premi\u00e8re m\u00e9daille aux Jeux panam\u00e9ricains de 1991 \u00e0 Cuba. Il a fallu presque trois si\u00e8cles (sic) ou plus t\u00f4t trois d\u00e9cennies avant que j\u2019en gagne une autre. \u00bb<\/span><span style=\"font-weight:300;\"><br \/>\n<\/span><span style=\"font-weight:300;\"><br \/>\n<\/span><b>RESSOURCES :<\/b><\/p>\n<p><span style=\"font-weight:300;\">D\u00c9CLARATIONS :<\/span><a href=\"https:\/\/docs.google.com\/document\/d\/1-CmzPOaYyaJwMJGGQgp8fuCxdORrzoysVTvhLutoFHI\/edit?usp=sharing\"> <span style=\"font-weight:300;\">D\u00e9claration du jour d\u2019\u00c9quipe Canada \u00e0 Lima 2019<\/span><span style=\"font-weight:300;\">.<\/span><\/a><span style=\"font-weight:300;\"> (mises \u00e0 jour en direct)<\/span><\/p>\n<p><span style=\"font-weight:300;\">PHOTOS :<\/span><a href=\"http:\/\/images.olympic.ca\"> <span style=\"font-weight:300;\">Soumettez une demande d\u2019utilisation de photos \u00e0 des fins \u00e9ditoriales sur images.olympic.ca.<\/span><\/a><\/p>\n<p><span style=\"font-weight:300;\">LES JEUX DE LIMA D\u00c9CHIFFR\u00c9S : <\/span><a href=\"https:\/\/docs.google.com\/document\/d\/1eHiEkxo8kZxUXlcRYFT9fQqlIeI-dmMQebzE04VtuXw\/edit#\"><span style=\"font-weight:300;\">Statistiques sur certains sports au programme des Jeux de Lima 2019.<\/span><\/a><\/p>\n<p><span style=\"font-weight:300;\">VISITEZ :<\/span><a href=\"https:\/\/olympique.ca\/ressources\/\"><span style=\"font-weight:300;\"> https:\/\/olympique.ca\/ressources\/ pour d\u2019autres informations.<\/span><\/a><\/p>\n<p><span style=\"font-weight:300;\">SUIVEZ :<\/span><a href=\"https:\/\/twitter.com\/TeamCanadaPR\"> <span style=\"font-weight:300;\">@TeamCanadaPR pour les alertes en direct de m\u00e9dailles.<\/span><\/a><\/p>\n<p><span style=\"font-weight:300;\">TOKYO 2020 :<\/span><a href=\"https:\/\/preprod.olympic.ca\/2019\/06\/10\/olympic-qualification-for-tokyo-2020-at-lima-2019\/\"> <span style=\"font-weight:300;\">Qualification olympique pour Tokyo 2020 \u00e0 Lima 2019.<\/span><b><br \/>\n<\/b><b><br \/>\n<\/b><\/a><b>QUIZ D\u2019\u00c9QUIPE CANADA :<\/b><\/p>\n<p><span style=\"font-family:-apple-system, BlinkMacSystemFont, 'Segoe UI', Roboto, Oxygen-Sans, Ubuntu, Cantarell, 'Helvetica Neue', sans-serif;\">Q. Qui sont les deux Canadiens qui ont remport\u00e9 l\u2019or aux Jeux panam\u00e9ricains de 2015 et l\u2019or aux Jeux olympiques de 2016 dans la m\u00eame \u00e9preuve?\u00a0\u00a0<\/span><\/p>\n<p><span style=\"font-weight:300;\">R. <\/span><span style=\"font-family:-apple-system, BlinkMacSystemFont, 'Segoe UI', Roboto, Oxygen-Sans, Ubuntu, Cantarell, 'Helvetica Neue', sans-serif;\">Derek Drouin (Athl\u00e9tisme &#8211; saut en hauteur) et Rosie MacLennan (trampoline)<\/span><\/p>\n<p style=\"text-align:center;\"><span style=\"font-weight:300;\">-30-<\/span><\/p>\n<p><span style=\"font-weight:300;\">CONTACT POUR LES M\u00c9DIAS<\/span><\/p>\n<p><span style=\"font-weight:300;\">Josh Su, responsable des relations avec les m\u00e9dias<\/span><span style=\"font-weight:300;\"><br \/>\n<\/span><span style=\"font-weight:300;\">Comit\u00e9 olympique canadien<\/span><span style=\"font-weight:300;\"><br \/>\n<\/span><span style=\"font-weight:300;\">P\u00e9rou : +51 1 920 259 209<\/span><span style=\"font-weight:300;\"><br \/>\n<\/span><span style=\"font-weight:300;\">WhatsApp : 647-464-4060<\/span><span style=\"font-weight:300;\"><br \/>\n<\/span><span style=\"font-weight:300;\">Courriel : <\/span><a href=\"mailto:jsu@olympique.ca\"><span style=\"font-weight:300;\">jsu@olympique.ca<\/span><\/a><\/p>\n","protected":false},"excerpt":{"rendered":"<p>LIMA, P\u00c9ROU &#8211; \u00c9quipe Canada a d\u00e9croch\u00e9 des places de qualification en natation artistique pour les Jeux olympiques de Tokyo&#8230;<\/p>\n","protected":false},"featured_media":153783,"template":"","format":"standard","tags":[],"type-of-press":[496138],"press-topic":[415987821],"years":[415988137],"class_list":["post-153781","press","type-press","status-publish","format-standard","has-post-thumbnail","hentry","type-of-press-communiques","press-topic-lima-2019","years-415988137"],"acf":[],"yoast_head":"<!-- This site is optimized with the Yoast SEO plugin v27.3 - https:\/\/yoast.com\/product\/yoast-seo-wordpress\/ -->\n<title>JOUR 5 : \u00c9quipe Canada \u00e0 Lima 2019 - \u00c9quipe Canada | Site officiel de l&#039;\u00e9quipe olympique<\/title>\n<meta name=\"robots\" content=\"index, follow, max-snippet:-1, max-image-preview:large, max-video-preview:-1\" \/>\n<link rel=\"canonical\" href=\"https:\/\/preprod.olympic.ca\/olympique\/presse\/jour-4-equipe-canada-a-lima-2019-2\/\" \/>\n<meta property=\"og:locale\" content=\"fr_FR\" \/>\n<meta property=\"og:type\" content=\"article\" \/>\n<meta property=\"og:title\" content=\"JOUR 5 : \u00c9quipe Canada \u00e0 Lima 2019 - \u00c9quipe Canada | Site officiel de l&#039;\u00e9quipe olympique\" \/>\n<meta property=\"og:description\" content=\"LIMA, P\u00c9ROU &#8211; \u00c9quipe Canada a d\u00e9croch\u00e9 des places de qualification en natation artistique pour les Jeux olympiques de Tokyo...\" \/>\n<meta property=\"og:url\" content=\"https:\/\/preprod.olympic.ca\/olympique\/presse\/jour-4-equipe-canada-a-lima-2019-2\/\" \/>\n<meta property=\"og:site_name\" content=\"\u00c9quipe Canada | Site officiel de l&#039;\u00e9quipe olympique\" \/>\n<meta property=\"article:modified_time\" content=\"2019-08-01T03:24:26+00:00\" \/>\n<meta property=\"og:image\" content=\"https:\/\/preprod.olympic.ca\/olympique\/wp-content\/uploads\/sites\/2\/2019\/07\/feature_image-13.jpg?quality=100\" \/>\n\t<meta property=\"og:image:width\" content=\"1787\" \/>\n\t<meta property=\"og:image:height\" content=\"1005\" \/>\n\t<meta property=\"og:image:type\" content=\"image\/jpeg\" \/>\n<meta name=\"twitter:card\" content=\"summary_large_image\" \/>\n<meta name=\"twitter:label1\" content=\"Est. reading time\" \/>\n\t<meta name=\"twitter:data1\" content=\"4 minutes\" \/>\n\t<meta name=\"twitter:label2\" content=\"Written by\" \/>\n\t<meta name=\"twitter:data2\" content=\"joshsu\" \/>\n<script type=\"application\/ld+json\" class=\"yoast-schema-graph\">{\"@context\":\"https:\\\/\\\/schema.org\",\"@graph\":[{\"@type\":\"WebPage\",\"@id\":\"https:\\\/\\\/preprod.olympic.ca\\\/olympique\\\/presse\\\/jour-4-equipe-canada-a-lima-2019-2\\\/\",\"url\":\"https:\\\/\\\/preprod.olympic.ca\\\/olympique\\\/presse\\\/jour-4-equipe-canada-a-lima-2019-2\\\/\",\"name\":\"JOUR 5 : \u00c9quipe Canada \u00e0 Lima 2019 - \u00c9quipe Canada | Site officiel de l&#039;\u00e9quipe olympique\",\"isPartOf\":{\"@id\":\"https:\\\/\\\/preprod.olympic.ca\\\/olympique\\\/#website\"},\"primaryImageOfPage\":{\"@id\":\"https:\\\/\\\/preprod.olympic.ca\\\/olympique\\\/presse\\\/jour-4-equipe-canada-a-lima-2019-2\\\/#primaryimage\"},\"image\":{\"@id\":\"https:\\\/\\\/preprod.olympic.ca\\\/olympique\\\/presse\\\/jour-4-equipe-canada-a-lima-2019-2\\\/#primaryimage\"},\"thumbnailUrl\":\"https:\\\/\\\/preprod.olympic.ca\\\/olympique\\\/wp-content\\\/uploads\\\/sites\\\/2\\\/2019\\\/07\\\/feature_image-13.jpg?quality=100\",\"datePublished\":\"2019-08-01T02:52:52+00:00\",\"dateModified\":\"2019-08-01T03:24:26+00:00\",\"inLanguage\":\"fr-FR\",\"potentialAction\":[{\"@type\":\"ReadAction\",\"target\":[\"https:\\\/\\\/preprod.olympic.ca\\\/olympique\\\/presse\\\/jour-4-equipe-canada-a-lima-2019-2\\\/\"]}]},{\"@type\":\"ImageObject\",\"inLanguage\":\"fr-FR\",\"@id\":\"https:\\\/\\\/preprod.olympic.ca\\\/olympique\\\/presse\\\/jour-4-equipe-canada-a-lima-2019-2\\\/#primaryimage\",\"url\":\"https:\\\/\\\/preprod.olympic.ca\\\/olympique\\\/wp-content\\\/uploads\\\/sites\\\/2\\\/2019\\\/07\\\/feature_image-13.jpg?quality=100\",\"contentUrl\":\"https:\\\/\\\/preprod.olympic.ca\\\/olympique\\\/wp-content\\\/uploads\\\/sites\\\/2\\\/2019\\\/07\\\/feature_image-13.jpg?quality=100\",\"width\":1787,\"height\":1005},{\"@type\":\"WebSite\",\"@id\":\"https:\\\/\\\/preprod.olympic.ca\\\/olympique\\\/#website\",\"url\":\"https:\\\/\\\/preprod.olympic.ca\\\/olympique\\\/\",\"name\":\"\u00c9quipe Canada | Site officiel de l&#039;\u00e9quipe olympique\",\"description\":\"Votre source pour l\u2019\u00c9quipe olympique canadienne. Retrouvez les r\u00e9cits, vid\u00e9os et photos des athl\u00e8tes canadiens, sports olympiques, Jeux olympiques de 2020 et bien plus!\",\"potentialAction\":[{\"@type\":\"SearchAction\",\"target\":{\"@type\":\"EntryPoint\",\"urlTemplate\":\"https:\\\/\\\/preprod.olympic.ca\\\/olympique\\\/?s={search_term_string}\"},\"query-input\":{\"@type\":\"PropertyValueSpecification\",\"valueRequired\":true,\"valueName\":\"search_term_string\"}}],\"inLanguage\":\"fr-FR\"}]}<\/script>\n<!-- \/ Yoast SEO plugin. -->","yoast_head_json":{"title":"JOUR 5 : \u00c9quipe Canada \u00e0 Lima 2019 - \u00c9quipe Canada | Site officiel de l&#039;\u00e9quipe olympique","robots":{"index":"index","follow":"follow","max-snippet":"max-snippet:-1","max-image-preview":"max-image-preview:large","max-video-preview":"max-video-preview:-1"},"canonical":"https:\/\/preprod.olympic.ca\/olympique\/presse\/jour-4-equipe-canada-a-lima-2019-2\/","og_locale":"fr_FR","og_type":"article","og_title":"JOUR 5 : \u00c9quipe Canada \u00e0 Lima 2019 - \u00c9quipe Canada | Site officiel de l&#039;\u00e9quipe olympique","og_description":"LIMA, P\u00c9ROU &#8211; \u00c9quipe Canada a d\u00e9croch\u00e9 des places de qualification en natation artistique pour les Jeux olympiques de Tokyo...","og_url":"https:\/\/preprod.olympic.ca\/olympique\/presse\/jour-4-equipe-canada-a-lima-2019-2\/","og_site_name":"\u00c9quipe Canada | Site officiel de l&#039;\u00e9quipe olympique","article_modified_time":"2019-08-01T03:24:26+00:00","og_image":[{"width":1787,"height":1005,"url":"https:\/\/preprod.olympic.ca\/olympique\/wp-content\/uploads\/sites\/2\/2019\/07\/feature_image-13.jpg?quality=100","type":"image\/jpeg"}],"twitter_card":"summary_large_image","twitter_misc":{"Est. reading time":"4 minutes","Written by":"joshsu"},"schema":{"@context":"https:\/\/schema.org","@graph":[{"@type":"WebPage","@id":"https:\/\/preprod.olympic.ca\/olympique\/presse\/jour-4-equipe-canada-a-lima-2019-2\/","url":"https:\/\/preprod.olympic.ca\/olympique\/presse\/jour-4-equipe-canada-a-lima-2019-2\/","name":"JOUR 5 : \u00c9quipe Canada \u00e0 Lima 2019 - \u00c9quipe Canada | Site officiel de l&#039;\u00e9quipe olympique","isPartOf":{"@id":"https:\/\/preprod.olympic.ca\/olympique\/#website"},"primaryImageOfPage":{"@id":"https:\/\/preprod.olympic.ca\/olympique\/presse\/jour-4-equipe-canada-a-lima-2019-2\/#primaryimage"},"image":{"@id":"https:\/\/preprod.olympic.ca\/olympique\/presse\/jour-4-equipe-canada-a-lima-2019-2\/#primaryimage"},"thumbnailUrl":"https:\/\/preprod.olympic.ca\/olympique\/wp-content\/uploads\/sites\/2\/2019\/07\/feature_image-13.jpg?quality=100","datePublished":"2019-08-01T02:52:52+00:00","dateModified":"2019-08-01T03:24:26+00:00","inLanguage":"fr-FR","potentialAction":[{"@type":"ReadAction","target":["https:\/\/preprod.olympic.ca\/olympique\/presse\/jour-4-equipe-canada-a-lima-2019-2\/"]}]},{"@type":"ImageObject","inLanguage":"fr-FR","@id":"https:\/\/preprod.olympic.ca\/olympique\/presse\/jour-4-equipe-canada-a-lima-2019-2\/#primaryimage","url":"https:\/\/preprod.olympic.ca\/olympique\/wp-content\/uploads\/sites\/2\/2019\/07\/feature_image-13.jpg?quality=100","contentUrl":"https:\/\/preprod.olympic.ca\/olympique\/wp-content\/uploads\/sites\/2\/2019\/07\/feature_image-13.jpg?quality=100","width":1787,"height":1005},{"@type":"WebSite","@id":"https:\/\/preprod.olympic.ca\/olympique\/#website","url":"https:\/\/preprod.olympic.ca\/olympique\/","name":"\u00c9quipe Canada | Site officiel de l&#039;\u00e9quipe olympique","description":"Votre source pour l\u2019\u00c9quipe olympique canadienne. Retrouvez les r\u00e9cits, vid\u00e9os et photos des athl\u00e8tes canadiens, sports olympiques, Jeux olympiques de 2020 et bien plus!","potentialAction":[{"@type":"SearchAction","target":{"@type":"EntryPoint","urlTemplate":"https:\/\/preprod.olympic.ca\/olympique\/?s={search_term_string}"},"query-input":{"@type":"PropertyValueSpecification","valueRequired":true,"valueName":"search_term_string"}}],"inLanguage":"fr-FR"}]}},"jetpack_sharing_enabled":true,"_links":{"self":[{"href":"https:\/\/preprod.olympic.ca\/olympique\/wp-json\/wp\/v2\/press\/153781","targetHints":{"allow":["GET"]}}],"collection":[{"href":"https:\/\/preprod.olympic.ca\/olympique\/wp-json\/wp\/v2\/press"}],"about":[{"href":"https:\/\/preprod.olympic.ca\/olympique\/wp-json\/wp\/v2\/types\/press"}],"version-history":[{"count":2,"href":"https:\/\/preprod.olympic.ca\/olympique\/wp-json\/wp\/v2\/press\/153781\/revisions"}],"predecessor-version":[{"id":153784,"href":"https:\/\/preprod.olympic.ca\/olympique\/wp-json\/wp\/v2\/press\/153781\/revisions\/153784"}],"wp:featuredmedia":[{"embeddable":true,"href":"https:\/\/preprod.olympic.ca\/olympique\/wp-json\/wp\/v2\/media\/153783"}],"wp:attachment":[{"href":"https:\/\/preprod.olympic.ca\/olympique\/wp-json\/wp\/v2\/media?parent=153781"}],"wp:term":[{"taxonomy":"post_tag","embeddable":true,"href":"https:\/\/preprod.olympic.ca\/olympique\/wp-json\/wp\/v2\/tags?post=153781"},{"taxonomy":"type-of-press","embeddable":true,"href":"https:\/\/preprod.olympic.ca\/olympique\/wp-json\/wp\/v2\/type-of-press?post=153781"},{"taxonomy":"press-topic","embeddable":true,"href":"https:\/\/preprod.olympic.ca\/olympique\/wp-json\/wp\/v2\/press-topic?post=153781"},{"taxonomy":"years","embeddable":true,"href":"https:\/\/preprod.olympic.ca\/olympique\/wp-json\/wp\/v2\/years?post=153781"}],"curies":[{"name":"wp","href":"https:\/\/api.w.org\/{rel}","templated":true}]}}