{"id":154332,"date":"2019-08-07T23:50:11","date_gmt":"2019-08-08T03:50:11","guid":{"rendered":"http:\/\/olympique.ca\/?post_type=press&#038;p=154332"},"modified":"2019-08-08T11:19:05","modified_gmt":"2019-08-08T15:19:05","slug":"jour-12-equipe-canada-a-lima-2019","status":"publish","type":"press","link":"https:\/\/preprod.olympic.ca\/olympique\/presse\/jour-12-equipe-canada-a-lima-2019\/","title":{"rendered":"JOUR 12 : \u00c9quipe Canada \u00e0 Lima 2019"},"content":{"rendered":"<p><span style=\"font-weight:300;\">LIMA, P\u00c9ROU &#8211; Le Canada participera \u00e0 une autre \u00e9preuve de sports \u00e9questres \u00e0 Tokyo 2020 gr\u00e2ce \u00e0 l\u2019\u00e9quipe de sauts d\u2019obstacles, qui a pris le quatri\u00e8me rang \u00e0 Lima pour obtenir son billet pour le Japon. Quoique les trois premi\u00e8res \u00e9quipes obtenaient un laissez-passer pour les Jeux olympiques, les Am\u00e9ricains avaient d\u00e9j\u00e0 leur qualification en poche avant le d\u00e9but de l\u2019\u00e9preuve. L\u2019\u00e9quipe canadienne de natation a ajout\u00e9 deux m\u00e9dailles \u00e0 son total gr\u00e2ce \u00e0 la m\u00e9daille d\u2019argent de Danielle Hanus au 100 m papillon et le bronze de Mackenzie Glover au 200 m dos.<\/span><\/p>\n<p><span style=\"font-weight:300;\">TOTAL DES M\u00c9DAILLES D\u2019\u00c9QUIPE CANADA :<\/span><\/p>\n<p><span style=\"font-weight:300;\">OR : 25 | ARGENT : 41 | BRONZE : 38| TOTAL : 104<\/span><\/p>\n<p><span style=\"font-weight:300;\">R\u00c9SULTATS :<\/span><a href=\"https:\/\/docs.google.com\/spreadsheets\/d\/1ih9SXslVSKnN8huxvx99KPmM6xPTcGBRVzCpp_PUBK4\/edit?usp=sharing\"> <span style=\"font-weight:300;\">R\u00e9sultats des comp\u00e9titions d\u2019\u00c9quipe Canada \u00e0 Lima 2019.<\/span><\/a><\/p>\n<p><span style=\"font-weight:300;\">HORAIRE :<\/span><a href=\"https:\/\/docs.google.com\/spreadsheets\/d\/1kfHSDhcsaw2jP2ZWOeberGZ8jz7cS1cv4ohinKTQ0vA\/edit?usp=sharing\"> <span style=\"font-weight:300;\">Horaire de comp\u00e9tition d\u2019\u00c9quipe Canada \u00e0 Lima 2019.<\/span><\/a><\/p>\n<p><span style=\"font-weight:300;\">FAITS SAILLANTS DU JOUR 12 :<\/span><span style=\"font-weight:300;\"><br \/>\n<\/span><\/p>\n<ul>\n<li style=\"font-weight:300;\"><span style=\"font-weight:300;\">L\u2019\u00e9quipe canadienne de saut d\u2019obstacles de sports \u00e9questres s\u2019est qualifi\u00e9e pour Tokyo 2020 apr\u00e8s avoir pris le quatri\u00e8me rang de l\u2019\u00e9preuve de saut d\u2019obstacles par \u00e9quipe;<\/span><\/li>\n<li style=\"font-weight:300;\"><span style=\"font-weight:300;\">Shaul Gordon remporte la 100e m\u00e9daille du Canada \u00e0 ces Jeux, soit une m\u00e9daille de bronze en sabre individuel en escrime;<\/span><\/li>\n<li style=\"font-weight:300;\"><span style=\"font-weight:300;\">Kyra Constantine se qualifie pour la finale f\u00e9minine du 400 m avec un chrono de 52.92 secondes;<\/span><\/li>\n<li style=\"font-weight:300;\"><span style=\"font-weight:300;\">L\u2019\u00e9quipe canadienne de tir \u00e0 l\u2019arc surprend les favoris am\u00e9ricains pour acc\u00e9der \u00e0 la finale de l\u2019\u00e9preuve masculine d\u2019arc recourb\u00e9;<\/span><\/li>\n<li style=\"font-weight:300;\"><span style=\"font-weight:300;\">Doubl\u00e9 canadien au d\u00e9cathlon masculin en athl\u00e9tisme alors que le champion de Toronto 2015 Damian Warner a d\u00e9fendu son titre et que son compatriote et athl\u00e8te du Camp des recrues RBC Pierce LePage a d\u00e9croch\u00e9 le bronze \u00e0 ses premiers Jeux panam\u00e9ricains.\u00a0<\/span><\/li>\n<li style=\"font-weight:300;\"><span style=\"font-weight:300;\">Mackenzie Glover d\u00e9croche la m\u00e9daille de bronze au 200 m dos f\u00e9minin \u00e0 ses premiers Jeux panam\u00e9ricains.<\/span><span style=\"font-weight:300;\"><br \/>\n<\/span><\/li>\n<\/ul>\n<p><span style=\"font-weight:300;\">D\u00c9CLARATIONS DU JOUR 12 :<\/span><\/p>\n<p><span style=\"font-weight:300;\">Erynn BALLARD (Sports \u00e9questres \u2014 Saut d\u2019obstacles par \u00e9quipe) sur comment son \u00e9quipe et elle ont surmont\u00e9 la pression sachant ce qu\u2019ils devaient faire pour obtenir une qualification olympique :<\/span><\/p>\n<p><span style=\"font-weight:300;\">\u00ab Il faut essayer pour arriver \u00e0 faire la diff\u00e9rence et simplement concourir pour le moment. Ce qui s\u2019est pass\u00e9 hier ne compte plus. Ce qui se produira dans la prochaine ronde importait peu. Je devais simplement me concentrer (sur mon cheval), sur le parcours et sur moi et je crois que j\u2019ai \u00e9t\u00e9 en mesure de le faire. \u00bb<\/span><\/p>\n<p><span style=\"font-weight:300;\">Danielle HANUS (M\u00e9daill\u00e9e d\u2019argent : Natation \u2014 100 m papillon f\u00e9minin) \u00e0 propos de sa performance :<\/span><\/p>\n<p><span style=\"font-weight:300;\">\u00ab C\u2019\u00e9tait mieux que hier soir (septi\u00e8me au 200 m papillon). Je voulais me racheter. Hier soir n\u2019\u00e9tait pas ma meilleure performance. Parfois tu gagnes, parfois tu perd. Certaines journ\u00e9es ne se d\u00e9roulent pas comme tu l\u2019aurais pr\u00e9f\u00e9r\u00e9 et je suis simplement heureux d\u2019aujourd\u2019hui. J\u2019ai besoin de m\u2019\u00e9lever vers un standard plus \u00e9lev\u00e9, mais parfois c\u2019est comme \u00e7a que \u00e7a se passe et je savais que je voulais rebondir et faire mieux au 100 m. \u00bb<\/span><\/p>\n<p><span style=\"font-weight:300;\">Damian WARNER (M\u00e9daill\u00e9 d\u2019or : Athl\u00e9tisme \u2014 D\u00e9cathlon masculin) sur comment il se sentait apr\u00e8s la derni\u00e8re \u00e9preuve (1500 m) :<\/span><\/p>\n<p><span style=\"font-weight:300;\">\u00ab Fatigu\u00e9? C\u2019est une \u00e9motion. Je me sens fatigu\u00e9, mais je suis tr\u00e8s content d\u2019avoir d\u00e9fendu avec succ\u00e8s mon titre de champion panam\u00e9ricain. Ce fut une bataille difficile, mais l\u2019important est la victoire. \u00bb<\/span><\/p>\n<p><span style=\"font-weight:300;\">Damian WARNER (M\u00e9daill\u00e9 d\u2019or : Athl\u00e9tisme \u2014 D\u00e9cathlon masculin) sur la raison pour laquelle il a d\u00e9cid\u00e9 de venir \u00e0 Lima pour d\u00e9fendre son titre de Toronto 2015 :<\/span><\/p>\n<p><span style=\"font-weight:300;\">\u00ab Mon exp\u00e9rience \u00e0 Toronto en 2015 a \u00e9t\u00e9 l&rsquo;une des meilleures de ma vie et, \u00e9videmment, vous souhaitez revenir ici et pouvoir remporter \u00e0 nouveau ce championnat. Comme je l\u2019ai d\u00e9j\u00e0 dit, je pense que c\u2019est un excellent tremplin vers le championnat du monde et les Jeux olympiques.<\/span><\/p>\n<p><span style=\"font-weight:300;\">Pierce LePAGE (M\u00e9daill\u00e9 de bronze : Athl\u00e9tisme &#8211; D\u00e9cathlon masculin) \u00e0 propos de sa conqu\u00eate de la m\u00e9daille de bronze apr\u00e8s avoir \u00e9t\u00e9 bless\u00e9 au genou :<\/span><\/p>\n<p><span style=\"font-weight:300;\">\u00ab Je me sens fatigu\u00e9, mais dans l\u2019ensemble, je suis super content d\u2019avoir simplement termin\u00e9 la comp\u00e9tition. Il y a trois jours, si vous m\u2019aviez demand\u00e9 si j&rsquo;allais y participer, j\u2019aurais dit non. Je pense que dans l\u2019ensemble, vous savez, j\u2019ai connu beaucoup de bonnes \u00e9preuves et peut-\u00eatre quelques moins bonnes \u00e9preuves, mais c\u2019est une exp\u00e9rience enrichissante et c\u2019est d\u00e9finitivement quelque chose que je vais retenir alors que nous nous pr\u00e9parons pour les Mondiaux.\u00a0\u00bb<\/span><\/p>\n<p><span style=\"font-weight:300;\">Crispin DUENAS (Tir \u00e0 l\u2019arc masculin) \u00e0 propos de la pr\u00e9paration de l\u2019\u00e9quipe en vue de l\u2019\u00e9preuve par \u00e9quipe \u00e0 l\u2019arc recourb\u00e9 :<\/span><\/p>\n<p><span style=\"font-weight:300;\">\u00ab Je suis vraiment heureux que tous les entra\u00eenements en fonction de ce format par \u00e9quipe et toute l\u2019attention port\u00e9e par notre groupe aient abouti \u00e0 cette grosse victoire contre les \u00c9tats-Unis. Les sets que nous avons align\u00e9s aujourd\u2019hui sont les meilleurs que nous ayons r\u00e9ussis en tant que groupe depuis tr\u00e8s longtemps. Chapeau \u00e0 toute mon \u00e9quipe parce que maintenant nous visons la m\u00e9daille d\u2019or. \u00bb<\/span><\/p>\n<p><span style=\"font-weight:300;\">Mark LASKIN (Chef de l\u2019\u00e9quipe des sports \u00e9questres) sur la place de quota obtenue pour l\u2019\u00e9preuve de saut d\u2019obstacles par \u00e9quipe :<\/span><\/p>\n<p><span style=\"font-weight:300;\">\u00ab\u00a0Cela aurait \u00e9t\u00e9 bien de remporter une m\u00e9daille, mais notre objectif \u00e9tait de venir ici et de nous qualifier pour les Jeu d\u2019olympiques. Je suis donc extr\u00eamement heureux de dire : mission accomplie!\u00a0\u00bb<\/span><\/p>\n<p><span style=\"font-weight:300;\">Shaul GORDON (M\u00e9daill\u00e9 de bronze : Escrime &#8211; Sabre individuel masculin) \u00e0 propos de son duel pour la m\u00e9daille de bronze :<\/span><\/p>\n<p><span style=\"font-weight:300;\">\u00ab Malheureusement, ma derni\u00e8re touche, je pense que l\u2019id\u00e9e \u00e9tait bonne. Par contre, l&rsquo;ex\u00e9cution n&rsquo;\u00e9tait pas si bonne. Donc, pour l&rsquo;instant, je ne suis pas trop content, mais dans l&rsquo;ensemble, je suis satisfait de mon r\u00e9sultat. Lors des derniers Jeux panam\u00e9ricains, j\u2019avais termin\u00e9 parmi les huit premiers et aujourd\u2019hui je suis dans le top quatre. C\u2019est donc une am\u00e9lioration et c\u2019est tr\u00e8s positif. Il y a beaucoup de points positifs en vue de la prochaine saison, quelques points n\u00e9gatifs, quelques points \u00e0 travailler. Mais ce fut une bonne comp\u00e9tition en vue de l\u2019ann\u00e9e prochaine et c\u2019est \u00e0 ce moment que nous terminerons la saison de qualification olympique. \u00bb<\/span><\/p>\n<p><span style=\"font-weight:300;\">Laurie JUSSAUME (M\u00e9daill\u00e9e de bronze : Cyclisme sur route \u2014Contre-la-montre individuel f\u00e9minin) sur les f\u00e9licitations de ses co\u00e9quipi\u00e8res de l\u2019\u00e9quipe f\u00e9minine de poursuite en cyclisme sur piste avec qui elle a remport\u00e9 une m\u00e9daille d\u2019argent, le vendredi 2 ao\u00fbt :<br \/>\n<\/span><span style=\"font-weight:300;\"><br \/>\n\u00ab Elle m\u2019ont serr\u00e9 dans leurs bras apr\u00e8s la course. Elles \u00e9taient toutes ici alors nous avons c\u00e9l\u00e9br\u00e9 ensemble. C\u2019est vraiment plaisant puisque chaque fois que quelqu\u2019un d\u2019entre nous gagne, tout le monde gagne. Cela procure d\u2019excellents sentiments. \u00bb<\/span><\/p>\n<p><span style=\"font-weight:300;\">RESSOURCES :<\/span><\/p>\n<p><span style=\"font-weight:300;\">D\u00c9CLARATIONS :<\/span><a href=\"https:\/\/docs.google.com\/document\/d\/1-CmzPOaYyaJwMJGGQgp8fuCxdORrzoysVTvhLutoFHI\/edit?usp=sharing\"> <span style=\"font-weight:300;\">D\u00e9claration du jour d\u2019\u00c9quipe Canada \u00e0 Lima 2019<\/span><span style=\"font-weight:300;\">.<\/span><\/a> <span style=\"font-weight:300;\">(mises \u00e0 jour en direct)<\/span><span style=\"font-weight:300;\"><br \/>\n<\/span><span style=\"font-weight:300;\"><br \/>\n<\/span><span style=\"font-weight:300;\">PHOTOS :<\/span><a href=\"http:\/\/images.olympic.ca\"> <span style=\"font-weight:300;\">Soumettez une demande d\u2019utilisation de photos \u00e0 des fins \u00e9ditoriales sur images.olympic.ca.<\/span><span style=\"font-weight:300;\"><br \/>\n<\/span><span style=\"font-weight:300;\"><br \/>\n<\/span><\/a><span style=\"font-weight:300;\">LES JEUX DE LIMA D\u00c9CHIFFR\u00c9S : <\/span><a href=\"https:\/\/docs.google.com\/document\/d\/1eHiEkxo8kZxUXlcRYFT9fQqlIeI-dmMQebzE04VtuXw\/edit#\"><span style=\"font-weight:300;\">Statistiques sur certains sports au programme des Jeux de Lima 2019<\/span><\/a><span style=\"font-weight:300;\">.<\/span><span style=\"font-weight:300;\"><br \/>\n<\/span><span style=\"font-weight:300;\"><br \/>\n<\/span><span style=\"font-weight:300;\">VISITEZ :<\/span><a href=\"https:\/\/olympique.ca\/ressources\/\"><span style=\"font-weight:300;\"> https:\/\/olympique.ca\/ressources\/ pour d\u2019autres informations<\/span><\/a><span style=\"font-weight:300;\">.<\/span><span style=\"font-weight:300;\"><br \/>\n<\/span><span style=\"font-weight:300;\"><br \/>\n<\/span><span style=\"font-weight:300;\">SUIVEZ :<\/span><a href=\"https:\/\/twitter.com\/TeamCanadaPR\"> <span style=\"font-weight:300;\">@TeamCanadaPR pour les alertes en direct de m\u00e9dailles.<\/span><span style=\"font-weight:300;\"><br \/>\n<\/span><span style=\"font-weight:300;\"><br \/>\n<\/span><\/a><span style=\"font-weight:300;\">TOKYO 2020 :<\/span><a href=\"https:\/\/preprod.olympic.ca\/2019\/06\/10\/olympic-qualification-for-tokyo-2020-at-lima-2019\/\"> <span style=\"font-weight:300;\">Qualification olympique pour Tokyo 2020 \u00e0 Lima 2019.<\/span><span style=\"font-weight:300;\"><br \/>\n<\/span><span style=\"font-weight:300;\"><br \/>\n<\/span><\/a><span style=\"font-weight:300;\">QUIZ D\u2019\u00c9QUIPE CANADA :<\/span><\/p>\n<p><span style=\"font-family:-apple-system, BlinkMacSystemFont, 'Segoe UI', Roboto, Oxygen-Sans, Ubuntu, Cantarell, 'Helvetica Neue', sans-serif;\">Q. Qui accueillera les Jeux panam\u00e9ricains de 2023?<\/span><\/p>\n<p><span style=\"font-family:-apple-system, BlinkMacSystemFont, 'Segoe UI', Roboto, Oxygen-Sans, Ubuntu, Cantarell, 'Helvetica Neue', sans-serif;\">R. Santiago, Chili\u00a0<\/span><\/p>\n<p style=\"text-align:center;\"><span style=\"font-weight:300;\">-30-<\/span><\/p>\n<p><span style=\"font-weight:300;\">CONTACT POUR LES M\u00c9DIAS :<\/span><\/p>\n<p><span style=\"font-weight:300;\">Josh Su, responsable des relations avec les m\u00e9dias<\/span><span style=\"font-weight:300;\"><br \/>\n<\/span><span style=\"font-weight:300;\">Comit\u00e9 olympique canadien<\/span><span style=\"font-weight:300;\"><br \/>\n<\/span><span style=\"font-weight:300;\">P\u00e9rou : +51 1 920 259 209<\/span><span style=\"font-weight:300;\"><br \/>\n<\/span><span style=\"font-weight:300;\">WhatsApp : 647-464-4060<\/span><span style=\"font-weight:300;\"><br \/>\n<\/span><span style=\"font-weight:300;\">Courriel : <\/span><a href=\"mailto:jsu@olympique.ca\"><span style=\"font-weight:300;\">jsu@olympique.ca<\/span><\/a><\/p>\n","protected":false},"excerpt":{"rendered":"<p>LIMA, P\u00c9ROU &#8211; Le Canada participera \u00e0 une autre \u00e9preuve de sports \u00e9questres \u00e0 Tokyo 2020 gr\u00e2ce \u00e0 l\u2019\u00e9quipe de&#8230;<\/p>\n","protected":false},"featured_media":154335,"template":"","format":"standard","tags":[],"type-of-press":[],"press-topic":[415987821],"years":[415988137],"class_list":["post-154332","press","type-press","status-publish","format-standard","has-post-thumbnail","hentry","press-topic-lima-2019","years-415988137"],"acf":[],"yoast_head":"<!-- This site is optimized with the Yoast SEO plugin v27.3 - https:\/\/yoast.com\/product\/yoast-seo-wordpress\/ -->\n<title>JOUR 12 : \u00c9quipe Canada \u00e0 Lima 2019 - \u00c9quipe Canada | Site officiel de l&#039;\u00e9quipe olympique<\/title>\n<meta name=\"robots\" content=\"index, follow, max-snippet:-1, max-image-preview:large, max-video-preview:-1\" \/>\n<link rel=\"canonical\" href=\"https:\/\/preprod.olympic.ca\/olympique\/presse\/jour-12-equipe-canada-a-lima-2019\/\" \/>\n<meta property=\"og:locale\" content=\"fr_FR\" \/>\n<meta property=\"og:type\" content=\"article\" \/>\n<meta property=\"og:title\" content=\"JOUR 12 : \u00c9quipe Canada \u00e0 Lima 2019 - \u00c9quipe Canada | Site officiel de l&#039;\u00e9quipe olympique\" \/>\n<meta property=\"og:description\" content=\"LIMA, P\u00c9ROU &#8211; Le Canada participera \u00e0 une autre \u00e9preuve de sports \u00e9questres \u00e0 Tokyo 2020 gr\u00e2ce \u00e0 l\u2019\u00e9quipe de...\" \/>\n<meta property=\"og:url\" content=\"https:\/\/preprod.olympic.ca\/olympique\/presse\/jour-12-equipe-canada-a-lima-2019\/\" \/>\n<meta property=\"og:site_name\" content=\"\u00c9quipe Canada | Site officiel de l&#039;\u00e9quipe olympique\" \/>\n<meta property=\"article:modified_time\" content=\"2019-08-08T15:19:05+00:00\" \/>\n<meta property=\"og:image\" content=\"https:\/\/preprod.olympic.ca\/olympique\/wp-content\/uploads\/sites\/2\/2019\/08\/feature_image-5.jpg?quality=100\" \/>\n\t<meta property=\"og:image:width\" content=\"1787\" \/>\n\t<meta property=\"og:image:height\" content=\"1005\" \/>\n\t<meta property=\"og:image:type\" content=\"image\/jpeg\" \/>\n<meta name=\"twitter:card\" content=\"summary_large_image\" \/>\n<meta name=\"twitter:label1\" content=\"Est. reading time\" \/>\n\t<meta name=\"twitter:data1\" content=\"6 minutes\" \/>\n\t<meta name=\"twitter:label2\" content=\"Written by\" \/>\n\t<meta name=\"twitter:data2\" content=\"joshsu\" \/>\n<script type=\"application\/ld+json\" class=\"yoast-schema-graph\">{\"@context\":\"https:\\\/\\\/schema.org\",\"@graph\":[{\"@type\":\"WebPage\",\"@id\":\"https:\\\/\\\/preprod.olympic.ca\\\/olympique\\\/presse\\\/jour-12-equipe-canada-a-lima-2019\\\/\",\"url\":\"https:\\\/\\\/preprod.olympic.ca\\\/olympique\\\/presse\\\/jour-12-equipe-canada-a-lima-2019\\\/\",\"name\":\"JOUR 12 : \u00c9quipe Canada \u00e0 Lima 2019 - \u00c9quipe Canada | Site officiel de l&#039;\u00e9quipe olympique\",\"isPartOf\":{\"@id\":\"https:\\\/\\\/preprod.olympic.ca\\\/olympique\\\/#website\"},\"primaryImageOfPage\":{\"@id\":\"https:\\\/\\\/preprod.olympic.ca\\\/olympique\\\/presse\\\/jour-12-equipe-canada-a-lima-2019\\\/#primaryimage\"},\"image\":{\"@id\":\"https:\\\/\\\/preprod.olympic.ca\\\/olympique\\\/presse\\\/jour-12-equipe-canada-a-lima-2019\\\/#primaryimage\"},\"thumbnailUrl\":\"https:\\\/\\\/preprod.olympic.ca\\\/olympique\\\/wp-content\\\/uploads\\\/sites\\\/2\\\/2019\\\/08\\\/feature_image-5.jpg?quality=100\",\"datePublished\":\"2019-08-08T03:50:11+00:00\",\"dateModified\":\"2019-08-08T15:19:05+00:00\",\"inLanguage\":\"fr-FR\",\"potentialAction\":[{\"@type\":\"ReadAction\",\"target\":[\"https:\\\/\\\/preprod.olympic.ca\\\/olympique\\\/presse\\\/jour-12-equipe-canada-a-lima-2019\\\/\"]}]},{\"@type\":\"ImageObject\",\"inLanguage\":\"fr-FR\",\"@id\":\"https:\\\/\\\/preprod.olympic.ca\\\/olympique\\\/presse\\\/jour-12-equipe-canada-a-lima-2019\\\/#primaryimage\",\"url\":\"https:\\\/\\\/preprod.olympic.ca\\\/olympique\\\/wp-content\\\/uploads\\\/sites\\\/2\\\/2019\\\/08\\\/feature_image-5.jpg?quality=100\",\"contentUrl\":\"https:\\\/\\\/preprod.olympic.ca\\\/olympique\\\/wp-content\\\/uploads\\\/sites\\\/2\\\/2019\\\/08\\\/feature_image-5.jpg?quality=100\",\"width\":1787,\"height\":1005},{\"@type\":\"WebSite\",\"@id\":\"https:\\\/\\\/preprod.olympic.ca\\\/olympique\\\/#website\",\"url\":\"https:\\\/\\\/preprod.olympic.ca\\\/olympique\\\/\",\"name\":\"\u00c9quipe Canada | Site officiel de l&#039;\u00e9quipe olympique\",\"description\":\"Votre source pour l\u2019\u00c9quipe olympique canadienne. Retrouvez les r\u00e9cits, vid\u00e9os et photos des athl\u00e8tes canadiens, sports olympiques, Jeux olympiques de 2020 et bien plus!\",\"potentialAction\":[{\"@type\":\"SearchAction\",\"target\":{\"@type\":\"EntryPoint\",\"urlTemplate\":\"https:\\\/\\\/preprod.olympic.ca\\\/olympique\\\/?s={search_term_string}\"},\"query-input\":{\"@type\":\"PropertyValueSpecification\",\"valueRequired\":true,\"valueName\":\"search_term_string\"}}],\"inLanguage\":\"fr-FR\"}]}<\/script>\n<!-- \/ Yoast SEO plugin. -->","yoast_head_json":{"title":"JOUR 12 : \u00c9quipe Canada \u00e0 Lima 2019 - \u00c9quipe Canada | Site officiel de l&#039;\u00e9quipe olympique","robots":{"index":"index","follow":"follow","max-snippet":"max-snippet:-1","max-image-preview":"max-image-preview:large","max-video-preview":"max-video-preview:-1"},"canonical":"https:\/\/preprod.olympic.ca\/olympique\/presse\/jour-12-equipe-canada-a-lima-2019\/","og_locale":"fr_FR","og_type":"article","og_title":"JOUR 12 : \u00c9quipe Canada \u00e0 Lima 2019 - \u00c9quipe Canada | Site officiel de l&#039;\u00e9quipe olympique","og_description":"LIMA, P\u00c9ROU &#8211; Le Canada participera \u00e0 une autre \u00e9preuve de sports \u00e9questres \u00e0 Tokyo 2020 gr\u00e2ce \u00e0 l\u2019\u00e9quipe de...","og_url":"https:\/\/preprod.olympic.ca\/olympique\/presse\/jour-12-equipe-canada-a-lima-2019\/","og_site_name":"\u00c9quipe Canada | Site officiel de l&#039;\u00e9quipe olympique","article_modified_time":"2019-08-08T15:19:05+00:00","og_image":[{"width":1787,"height":1005,"url":"https:\/\/preprod.olympic.ca\/olympique\/wp-content\/uploads\/sites\/2\/2019\/08\/feature_image-5.jpg?quality=100","type":"image\/jpeg"}],"twitter_card":"summary_large_image","twitter_misc":{"Est. reading time":"6 minutes","Written by":"joshsu"},"schema":{"@context":"https:\/\/schema.org","@graph":[{"@type":"WebPage","@id":"https:\/\/preprod.olympic.ca\/olympique\/presse\/jour-12-equipe-canada-a-lima-2019\/","url":"https:\/\/preprod.olympic.ca\/olympique\/presse\/jour-12-equipe-canada-a-lima-2019\/","name":"JOUR 12 : \u00c9quipe Canada \u00e0 Lima 2019 - \u00c9quipe Canada | Site officiel de l&#039;\u00e9quipe olympique","isPartOf":{"@id":"https:\/\/preprod.olympic.ca\/olympique\/#website"},"primaryImageOfPage":{"@id":"https:\/\/preprod.olympic.ca\/olympique\/presse\/jour-12-equipe-canada-a-lima-2019\/#primaryimage"},"image":{"@id":"https:\/\/preprod.olympic.ca\/olympique\/presse\/jour-12-equipe-canada-a-lima-2019\/#primaryimage"},"thumbnailUrl":"https:\/\/preprod.olympic.ca\/olympique\/wp-content\/uploads\/sites\/2\/2019\/08\/feature_image-5.jpg?quality=100","datePublished":"2019-08-08T03:50:11+00:00","dateModified":"2019-08-08T15:19:05+00:00","inLanguage":"fr-FR","potentialAction":[{"@type":"ReadAction","target":["https:\/\/preprod.olympic.ca\/olympique\/presse\/jour-12-equipe-canada-a-lima-2019\/"]}]},{"@type":"ImageObject","inLanguage":"fr-FR","@id":"https:\/\/preprod.olympic.ca\/olympique\/presse\/jour-12-equipe-canada-a-lima-2019\/#primaryimage","url":"https:\/\/preprod.olympic.ca\/olympique\/wp-content\/uploads\/sites\/2\/2019\/08\/feature_image-5.jpg?quality=100","contentUrl":"https:\/\/preprod.olympic.ca\/olympique\/wp-content\/uploads\/sites\/2\/2019\/08\/feature_image-5.jpg?quality=100","width":1787,"height":1005},{"@type":"WebSite","@id":"https:\/\/preprod.olympic.ca\/olympique\/#website","url":"https:\/\/preprod.olympic.ca\/olympique\/","name":"\u00c9quipe Canada | Site officiel de l&#039;\u00e9quipe olympique","description":"Votre source pour l\u2019\u00c9quipe olympique canadienne. Retrouvez les r\u00e9cits, vid\u00e9os et photos des athl\u00e8tes canadiens, sports olympiques, Jeux olympiques de 2020 et bien plus!","potentialAction":[{"@type":"SearchAction","target":{"@type":"EntryPoint","urlTemplate":"https:\/\/preprod.olympic.ca\/olympique\/?s={search_term_string}"},"query-input":{"@type":"PropertyValueSpecification","valueRequired":true,"valueName":"search_term_string"}}],"inLanguage":"fr-FR"}]}},"jetpack_sharing_enabled":true,"_links":{"self":[{"href":"https:\/\/preprod.olympic.ca\/olympique\/wp-json\/wp\/v2\/press\/154332","targetHints":{"allow":["GET"]}}],"collection":[{"href":"https:\/\/preprod.olympic.ca\/olympique\/wp-json\/wp\/v2\/press"}],"about":[{"href":"https:\/\/preprod.olympic.ca\/olympique\/wp-json\/wp\/v2\/types\/press"}],"version-history":[{"count":2,"href":"https:\/\/preprod.olympic.ca\/olympique\/wp-json\/wp\/v2\/press\/154332\/revisions"}],"predecessor-version":[{"id":154334,"href":"https:\/\/preprod.olympic.ca\/olympique\/wp-json\/wp\/v2\/press\/154332\/revisions\/154334"}],"wp:featuredmedia":[{"embeddable":true,"href":"https:\/\/preprod.olympic.ca\/olympique\/wp-json\/wp\/v2\/media\/154335"}],"wp:attachment":[{"href":"https:\/\/preprod.olympic.ca\/olympique\/wp-json\/wp\/v2\/media?parent=154332"}],"wp:term":[{"taxonomy":"post_tag","embeddable":true,"href":"https:\/\/preprod.olympic.ca\/olympique\/wp-json\/wp\/v2\/tags?post=154332"},{"taxonomy":"type-of-press","embeddable":true,"href":"https:\/\/preprod.olympic.ca\/olympique\/wp-json\/wp\/v2\/type-of-press?post=154332"},{"taxonomy":"press-topic","embeddable":true,"href":"https:\/\/preprod.olympic.ca\/olympique\/wp-json\/wp\/v2\/press-topic?post=154332"},{"taxonomy":"years","embeddable":true,"href":"https:\/\/preprod.olympic.ca\/olympique\/wp-json\/wp\/v2\/years?post=154332"}],"curies":[{"name":"wp","href":"https:\/\/api.w.org\/{rel}","templated":true}]}}