{"id":180796,"date":"2021-06-02T09:45:00","date_gmt":"2021-06-02T13:45:00","guid":{"rendered":"https:\/\/olympique.ca\/?post_type=press&#038;p=180796"},"modified":"2021-06-02T09:04:21","modified_gmt":"2021-06-02T13:04:21","slug":"nomination-de-lequipe-canadienne-de-natation-artistique-aux-jeux-de-tokyo-2020","status":"publish","type":"press","link":"https:\/\/preprod.olympic.ca\/olympique\/presse\/nomination-de-lequipe-canadienne-de-natation-artistique-aux-jeux-de-tokyo-2020\/","title":{"rendered":"Nomination de l\u2019\u00e9quipe canadienne de natation artistique aux Jeux de Tokyo 2020"},"content":{"rendered":"\n<p>MONTR\u00c9AL (2 juin 2021) \u2013 Mercredi, Natation Artistique Canada et le Comit\u00e9 olympique canadien ont d\u00e9voil\u00e9 l\u2019identit\u00e9 des huit nageuses artistiques qui ont \u00e9t\u00e9 nomm\u00e9es au sein de l\u2019\u00e9quipe qui participera aux Jeux olympiques de Tokyo 2020. Le Canada enverra une \u00e9quipe exp\u00e9riment\u00e9e \u00e0 Tokyo, notamment avec sept athl\u00e8tes qui figuraient aussi au sein de la formation pour les Jeux panam\u00e9ricains de Lima 2019.<\/p>\n\n\n\n<p>\u00c9quipe Canada a d\u00e9croch\u00e9 son billet pour Tokyo 2020 dans les \u00e9preuves du duo et par \u00e9quipes de natation artistique en remportant des m\u00e9dailles d&rsquo;or aux Jeux panam\u00e9ricains de Lima 2019.<\/p>\n\n\n\n<p>La nomination est particuli\u00e8rement significative pour la capitaine Claudia Holzner, qui a tout juste rat\u00e9 la qualification pour les Jeux olympiques de Rio en 2016.<\/p>\n\n\n\n<p>\u00ab Apr\u00e8s neuf ann\u00e9es au sein de l\u2019\u00e9quipe nationale senior, le fait de rater les Jeux de Rio par si peu, puis la pand\u00e9mie mondiale ont fait en sorte que je suis vraiment fi\u00e8re de dire que je repr\u00e9senterai le Canada \u00e0 mes premiers Jeux olympiques \u00e0 Tokyo cet \u00e9t\u00e9, indique Holzner qui \u00e9tait membre de l\u2019\u00e9quipe qui a remport\u00e9 la m\u00e9daille d\u2019or aux Jeux panam\u00e9ricains de TORONTO en 2015, et de celles qui ont remport\u00e9 l\u2019or des \u00e9preuves en duo et par \u00e9quipes aux Jeux panam\u00e9ricains de Lima, quatre ans plus tard. \u00ab Comme v\u00e9t\u00e9ran au sein de l\u2019\u00e9quipe, j\u2019ai vu mes co\u00e9quipi\u00e8res grandir et se d\u00e9velopper pour devenir les athl\u00e8tes exceptionnelles qu\u2019elles sont aujourd\u2019hui. J\u2019ai vraiment h\u00e2te de voir ce que nous r\u00e9aliserons ensemble dans la piscine \u00e0 Tokyo! \u00bb<\/p>\n\n\n\n<p>Aux c\u00f4t\u00e9s d\u2019Holzner \u00e0 Tokyo, on retrouvera Jacqueline Simoneau, la seule du groupe d\u2019athl\u00e8tes nomm\u00e9es poss\u00e9dant une exp\u00e9rience olympique. Quadruple championne des Jeux panam\u00e9ricains, Simoneau a disput\u00e9 l\u2019\u00e9preuve en duo aux Jeux de Rio en 2016 et elle a bien h\u00e2te de vivre l\u2019exp\u00e9rience en \u00e9quipe.<\/p>\n\n\n\n<p>\u00ab C\u2019est toujours un honneur de repr\u00e9senter le Canada sur la sc\u00e8ne internationale. C\u2019est incroyablement particulier dans la p\u00e9riode actuelle, non seulement du fait que nous participerons \u00e0 des Jeux olympiques uniques, mais aussi parce que nous partagerons ce moment ensemble, en \u00e9quipe, raconte Simoneau. Nous avons un bon m\u00e9lange d\u2019athl\u00e8tes au sein du groupe, qu\u2019il s\u2019agisse de notre r\u00e9cente addition Rosalie Boissonneault ou des nombreuses autres qui font partie de l\u2019\u00e9quipe depuis quelques ann\u00e9es. \u00bb<\/p>\n\n\n\n<p>En raison des restrictions li\u00e9es \u00e0 la COVID-19 \u00e0 leur centre d\u2019entra\u00eenement \u00e0 l\u2019Institut national du sport du Qu\u00e9bec \u00e0 Montr\u00e9al, les membres de l\u2019\u00e9quipe ont eu droit \u00e0 une pr\u00e9sentation o\u00f9 elles ont re\u00e7u leur veste d\u2019\u00c9quipe Canada dans le cadre d\u2019une c\u00e9r\u00e9monie priv\u00e9e la semaine derni\u00e8re.<\/p>\n\n\n\n<p>\u00ab Voir l\u2019\u00e9tincelle dans les yeux de mes co\u00e9quipi\u00e8res quand elles ont enfil\u00e9 leur veste d\u2019\u00c9quipe Canada pour la premi\u00e8re fois m\u2019a ramen\u00e9 \u00e0 ce que j\u2019ai v\u00e9cu avant ma premi\u00e8re accession \u00e0 l&rsquo;\u00c9quipe olympique, ajoute Simoneau. C\u2019\u00e9tait un beau souvenir \u00e0 partager et nous avons h\u00e2te d\u2019en vivre de nombreux autres au Japon en ao\u00fbt! \u00bb<\/p>\n\n\n\n<p>Simoneau et Holzner feront \u00e9quipe dans l\u2019\u00e9preuve en duo \u00e0 Tokyo. Elles nagent ensemble depuis 2017 et elles ont depuis travaill\u00e9 sans rel\u00e2che pour peaufiner leur synchronisme dans l\u2019eau. Apr\u00e8s avoir \u00e9t\u00e9 tenu \u00e0 l\u2019\u00e9cart des comp\u00e9titions depuis 2019, le duo a remport\u00e9 l\u2019or \u00e0 la rencontre de S\u00e9rie mondiale de natation artistique de la FINA 2021 \u00e0 Budapest. Elles doivent participer \u00e0 la Super finale de la S\u00e9rie mondiale de la FINA 2021 \u00e0 Barcelone en juin. L\u2019\u00e9quipe participera aussi \u00e0 cette rencontre en Espagne avant de participer \u00e0 un dernier camp d\u2019entra\u00eenement en route vers les Jeux olympiques en ao\u00fbt.<\/p>\n\n\n\n<p>Cet \u00e9t\u00e9 marquera le retour tr\u00e8s attendu de l\u2019\u00e9quipe canadienne de natation artistique dans la piscine olympique, apr\u00e8s qu\u2019elle ait pris le quatri\u00e8me rang aux Jeux de Londres en 2012. Au fil des Jeux, le Canada a remport\u00e9 huit m\u00e9dailles en natation artistique, notamment trois m\u00e9dailles d\u2019or, quatre d\u2019argent et une de bronze. Le plus r\u00e9cent podium canadien dans ce sport remonte aux Jeux de Sydney en 2000 dans l\u2019\u00e9preuve par \u00e9quipes, o\u00f9 les Canadiennes ont pris le troisi\u00e8me rang.<\/p>\n\n\n\n<p>Les \u00e9preuves de natation artistique se d\u00e9rouleront du 2 au 7 ao\u00fbt (Jours 10 \u00e0 15) au Centre aquatique de Tokyo.<\/p>\n\n\n\n<p>\u00ab La natation artistique est un de ces sports qui est trompeur; la capacit\u00e9 des athl\u00e8tes \u00e0 raconter une histoire avec dynamisme et gr\u00e2ce n\u2019est possible qu\u2019en raison de l\u2019intensit\u00e9 et de la force de toute l\u2019\u00e9quipe, affirme Marnie McBean, chef de mission d\u2019\u00c9quipe Canada aux Jeux de Tokyo 2020. Je suis tellement enthousiaste de voir notre \u00e9quipe et le duo r\u00e9ussir. Aussi loin que je m\u2019en souvienne, j\u2019ai vu les performances des nageuses artistiques d\u2019\u00c9quipe Canada qui ont conduit au podium. Leurs succ\u00e8s font partie de mon exp\u00e9rience olympique. \u00bb<\/p>\n\n\n\n<p>Voici le nom des athl\u00e8tes nomm\u00e9es :<\/p>\n\n\n\n<ol class=\"wp-block-list\"><li><a href=\"https:\/\/olympique.ca\/team-canada\/emily-armstrong\/\" target=\"_blank\" rel=\"noreferrer noopener\">Emily Armstrong<\/a> (Toronto, ON)<\/li><li><a href=\"https:\/\/olympique.ca\/team-canada\/rosalie-boissonneault\/\" target=\"_blank\" rel=\"noreferrer noopener\">Rosalie Boissonneault<\/a> (Drummondville, QC)<\/li><li><a href=\"https:\/\/olympique.ca\/team-canada\/andree-anne-cote\/\" target=\"_blank\" rel=\"noreferrer noopener\">Andr\u00e9e-Anne C\u00f4t\u00e9<\/a> (St-Georges, QC)<\/li><li><a href=\"https:\/\/olympique.ca\/team-canada\/camille-fiola-dion\/\" target=\"_blank\" rel=\"noreferrer noopener\">Camille Fiola-Dion<\/a> (Rimouski, QC)<\/li><li><a href=\"https:\/\/olympique.ca\/team-canada\/claudia-holzner\/\">Claudia Holzner<\/a> (Calgary, AB)<\/li><li><a href=\"https:\/\/olympique.ca\/team-canada\/audrey-joly\/\" target=\"_blank\" rel=\"noreferrer noopener\">Audrey Joly <\/a>(St-Eustache, QC)<\/li><li><a href=\"https:\/\/olympique.ca\/team-canada\/halle-pratt\/\" target=\"_blank\" rel=\"noreferrer noopener\">Halle Pratt <\/a>(Calgary, AB)<\/li><li><a href=\"https:\/\/olympique.ca\/team-canada\/jacqueline-simoneau\/\" target=\"_blank\" rel=\"noreferrer noopener\">Jacqueline Simoneau<\/a> (Saint-Laurent, QC)<\/li><li>Kenzie Priddell (Regina, SK) &#8211; rempla\u00e7ante<\/li><\/ol>\n\n\n\n<p>Avant d\u2019\u00eatre confirm\u00e9s comme membres d\u2019\u00c9quipe Canada, tous les athl\u00e8tes nomm\u00e9s sont soumis \u00e0 l\u2019approbation du comit\u00e9 de s\u00e9lection de l\u2019\u00e9quipe du Comit\u00e9 olympique canadien quand toutes les nominations ont \u00e9t\u00e9 re\u00e7ues des organismes nationaux de sport.<\/p>\n\n\n\n<p>Vous pouvez trouver une liste mise \u00e0 jour de la formation d\u2019\u00c9quipe Canada pour les Jeux de Tokyo en<a href=\"https:\/\/olympique.ca\/composition-dequipe-canada\/\"> cliquant ici<\/a> et pour suivre l\u2019\u00e9volution des qualifications, veuillez<a href=\"https:\/\/olympique.ca\/suivi-des-qualifications-pour-tokyo-2020\/\"> cliquer ici<\/a>.<\/p>\n\n\n\n<p class=\"has-text-align-center\">-30-<\/p>\n\n\n\n<p>CONTACTS POUR LES M\u00c9DIAS:<\/p>\n\n\n\n<p>St\u00e9phane C\u00f4t\u00e9, directeur des communications et des \u00e9v\u00e9nements<br>Natation Artistique Canada<br>Cell. : 418-420-2125<br>Courriel : <a href=\"mailto:stephane@artisticswimming.ca\">stephane@artisticswimming.ca<\/a><\/p>\n\n\n\n<p>Josh Su, sp\u00e9cialiste des relations publiques<br>Comit\u00e9 olympique canadien<br>Cell. : 647-464-4060<br>Courriel : <a href=\"mailto:jsu@olympique.ca\">jsu@olympique.ca<\/a><\/p>\n","protected":false},"excerpt":{"rendered":"<p>MONTR\u00c9AL (2 juin 2021) \u2013 Mercredi, Natation Artistique Canada et le Comit\u00e9 olympique canadien ont d\u00e9voil\u00e9 l\u2019identit\u00e9 des huit nageuses&#8230;<\/p>\n","protected":false},"featured_media":180797,"template":"","format":"standard","tags":[],"type-of-press":[496138],"press-topic":[415985544],"years":[682164078],"class_list":["post-180796","press","type-press","status-publish","format-standard","has-post-thumbnail","hentry","type-of-press-communiques","press-topic-tokyo-2020","years-682164078"],"acf":[],"yoast_head":"<!-- This site is optimized with the Yoast SEO plugin v27.3 - https:\/\/yoast.com\/product\/yoast-seo-wordpress\/ -->\n<title>Nomination de l\u2019\u00e9quipe canadienne de natation artistique aux Jeux de Tokyo 2020 - \u00c9quipe Canada | Site officiel de l&#039;\u00e9quipe olympique<\/title>\n<meta name=\"description\" content=\"Mercredi, Natation Artistique Canada et le Comit\u00e9 olympique canadien ont d\u00e9voil\u00e9 l\u2019identit\u00e9 des huit nageuses artistiques qui ont \u00e9t\u00e9 nomm\u00e9es au sein de l\u2019\u00e9quipe qui participera aux Jeux olympiques de Tokyo 2020. Le Canada enverra une \u00e9quipe exp\u00e9riment\u00e9e \u00e0 Tokyo, notamment avec sept athl\u00e8tes qui figuraient aussi au sein de la formation pour les Jeux panam\u00e9ricains de Lima 2019.\" \/>\n<meta name=\"robots\" content=\"index, follow, max-snippet:-1, max-image-preview:large, max-video-preview:-1\" \/>\n<link rel=\"canonical\" href=\"https:\/\/preprod.olympic.ca\/olympique\/presse\/nomination-de-lequipe-canadienne-de-natation-artistique-aux-jeux-de-tokyo-2020\/\" \/>\n<meta property=\"og:locale\" content=\"fr_FR\" \/>\n<meta property=\"og:type\" content=\"article\" \/>\n<meta property=\"og:title\" content=\"Nomination de l\u2019\u00e9quipe canadienne de natation artistique aux Jeux de Tokyo 2020 - \u00c9quipe Canada | Site officiel de l&#039;\u00e9quipe olympique\" \/>\n<meta property=\"og:description\" content=\"Mercredi, Natation Artistique Canada et le Comit\u00e9 olympique canadien ont d\u00e9voil\u00e9 l\u2019identit\u00e9 des huit nageuses artistiques qui ont \u00e9t\u00e9 nomm\u00e9es au sein de l\u2019\u00e9quipe qui participera aux Jeux olympiques de Tokyo 2020. Le Canada enverra une \u00e9quipe exp\u00e9riment\u00e9e \u00e0 Tokyo, notamment avec sept athl\u00e8tes qui figuraient aussi au sein de la formation pour les Jeux panam\u00e9ricains de Lima 2019.\" \/>\n<meta property=\"og:url\" content=\"https:\/\/preprod.olympic.ca\/olympique\/presse\/nomination-de-lequipe-canadienne-de-natation-artistique-aux-jeux-de-tokyo-2020\/\" \/>\n<meta property=\"og:site_name\" content=\"\u00c9quipe Canada | Site officiel de l&#039;\u00e9quipe olympique\" \/>\n<meta name=\"twitter:card\" content=\"summary_large_image\" \/>\n<meta name=\"twitter:image\" content=\"https:\/\/preprod.olympic.ca\/olympique\/wp-content\/uploads\/sites\/2\/2021\/06\/2680x1508-Olympic.ca-5-e1622644213399.jpg?quality=100\" \/>\n<meta name=\"twitter:label1\" content=\"Est. reading time\" \/>\n\t<meta name=\"twitter:data1\" content=\"4 minutes\" \/>\n\t<meta name=\"twitter:label2\" content=\"Written by\" \/>\n\t<meta name=\"twitter:data2\" content=\"tmacbournieolympicca\" \/>\n<script type=\"application\/ld+json\" class=\"yoast-schema-graph\">{\"@context\":\"https:\\\/\\\/schema.org\",\"@graph\":[{\"@type\":\"WebPage\",\"@id\":\"https:\\\/\\\/preprod.olympic.ca\\\/olympique\\\/presse\\\/nomination-de-lequipe-canadienne-de-natation-artistique-aux-jeux-de-tokyo-2020\\\/\",\"url\":\"https:\\\/\\\/preprod.olympic.ca\\\/olympique\\\/presse\\\/nomination-de-lequipe-canadienne-de-natation-artistique-aux-jeux-de-tokyo-2020\\\/\",\"name\":\"Nomination de l\u2019\u00e9quipe canadienne de natation artistique aux Jeux de Tokyo 2020 - \u00c9quipe Canada | Site officiel de l&#039;\u00e9quipe olympique\",\"isPartOf\":{\"@id\":\"https:\\\/\\\/preprod.olympic.ca\\\/olympique\\\/#website\"},\"primaryImageOfPage\":{\"@id\":\"https:\\\/\\\/preprod.olympic.ca\\\/olympique\\\/presse\\\/nomination-de-lequipe-canadienne-de-natation-artistique-aux-jeux-de-tokyo-2020\\\/#primaryimage\"},\"image\":{\"@id\":\"https:\\\/\\\/preprod.olympic.ca\\\/olympique\\\/presse\\\/nomination-de-lequipe-canadienne-de-natation-artistique-aux-jeux-de-tokyo-2020\\\/#primaryimage\"},\"thumbnailUrl\":\"https:\\\/\\\/preprod.olympic.ca\\\/olympique\\\/wp-content\\\/uploads\\\/sites\\\/2\\\/2021\\\/06\\\/2680x1508-Olympic.ca-5-e1622644213399.jpg?quality=100\",\"datePublished\":\"2021-06-02T13:45:00+00:00\",\"description\":\"Mercredi, Natation Artistique Canada et le Comit\u00e9 olympique canadien ont d\u00e9voil\u00e9 l\u2019identit\u00e9 des huit nageuses artistiques qui ont \u00e9t\u00e9 nomm\u00e9es au sein de l\u2019\u00e9quipe qui participera aux Jeux olympiques de Tokyo 2020. Le Canada enverra une \u00e9quipe exp\u00e9riment\u00e9e \u00e0 Tokyo, notamment avec sept athl\u00e8tes qui figuraient aussi au sein de la formation pour les Jeux panam\u00e9ricains de Lima 2019.\",\"inLanguage\":\"fr-FR\",\"potentialAction\":[{\"@type\":\"ReadAction\",\"target\":[\"https:\\\/\\\/preprod.olympic.ca\\\/olympique\\\/presse\\\/nomination-de-lequipe-canadienne-de-natation-artistique-aux-jeux-de-tokyo-2020\\\/\"]}]},{\"@type\":\"ImageObject\",\"inLanguage\":\"fr-FR\",\"@id\":\"https:\\\/\\\/preprod.olympic.ca\\\/olympique\\\/presse\\\/nomination-de-lequipe-canadienne-de-natation-artistique-aux-jeux-de-tokyo-2020\\\/#primaryimage\",\"url\":\"https:\\\/\\\/preprod.olympic.ca\\\/olympique\\\/wp-content\\\/uploads\\\/sites\\\/2\\\/2021\\\/06\\\/2680x1508-Olympic.ca-5-e1622644213399.jpg?quality=100\",\"contentUrl\":\"https:\\\/\\\/preprod.olympic.ca\\\/olympique\\\/wp-content\\\/uploads\\\/sites\\\/2\\\/2021\\\/06\\\/2680x1508-Olympic.ca-5-e1622644213399.jpg?quality=100\",\"width\":2160,\"height\":1215},{\"@type\":\"WebSite\",\"@id\":\"https:\\\/\\\/preprod.olympic.ca\\\/olympique\\\/#website\",\"url\":\"https:\\\/\\\/preprod.olympic.ca\\\/olympique\\\/\",\"name\":\"\u00c9quipe Canada | Site officiel de l&#039;\u00e9quipe olympique\",\"description\":\"Votre source pour l\u2019\u00c9quipe olympique canadienne. Retrouvez les r\u00e9cits, vid\u00e9os et photos des athl\u00e8tes canadiens, sports olympiques, Jeux olympiques de 2020 et bien plus!\",\"potentialAction\":[{\"@type\":\"SearchAction\",\"target\":{\"@type\":\"EntryPoint\",\"urlTemplate\":\"https:\\\/\\\/preprod.olympic.ca\\\/olympique\\\/?s={search_term_string}\"},\"query-input\":{\"@type\":\"PropertyValueSpecification\",\"valueRequired\":true,\"valueName\":\"search_term_string\"}}],\"inLanguage\":\"fr-FR\"}]}<\/script>\n<!-- \/ Yoast SEO plugin. -->","yoast_head_json":{"title":"Nomination de l\u2019\u00e9quipe canadienne de natation artistique aux Jeux de Tokyo 2020 - \u00c9quipe Canada | Site officiel de l&#039;\u00e9quipe olympique","description":"Mercredi, Natation Artistique Canada et le Comit\u00e9 olympique canadien ont d\u00e9voil\u00e9 l\u2019identit\u00e9 des huit nageuses artistiques qui ont \u00e9t\u00e9 nomm\u00e9es au sein de l\u2019\u00e9quipe qui participera aux Jeux olympiques de Tokyo 2020. Le Canada enverra une \u00e9quipe exp\u00e9riment\u00e9e \u00e0 Tokyo, notamment avec sept athl\u00e8tes qui figuraient aussi au sein de la formation pour les Jeux panam\u00e9ricains de Lima 2019.","robots":{"index":"index","follow":"follow","max-snippet":"max-snippet:-1","max-image-preview":"max-image-preview:large","max-video-preview":"max-video-preview:-1"},"canonical":"https:\/\/preprod.olympic.ca\/olympique\/presse\/nomination-de-lequipe-canadienne-de-natation-artistique-aux-jeux-de-tokyo-2020\/","og_locale":"fr_FR","og_type":"article","og_title":"Nomination de l\u2019\u00e9quipe canadienne de natation artistique aux Jeux de Tokyo 2020 - \u00c9quipe Canada | Site officiel de l&#039;\u00e9quipe olympique","og_description":"Mercredi, Natation Artistique Canada et le Comit\u00e9 olympique canadien ont d\u00e9voil\u00e9 l\u2019identit\u00e9 des huit nageuses artistiques qui ont \u00e9t\u00e9 nomm\u00e9es au sein de l\u2019\u00e9quipe qui participera aux Jeux olympiques de Tokyo 2020. Le Canada enverra une \u00e9quipe exp\u00e9riment\u00e9e \u00e0 Tokyo, notamment avec sept athl\u00e8tes qui figuraient aussi au sein de la formation pour les Jeux panam\u00e9ricains de Lima 2019.","og_url":"https:\/\/preprod.olympic.ca\/olympique\/presse\/nomination-de-lequipe-canadienne-de-natation-artistique-aux-jeux-de-tokyo-2020\/","og_site_name":"\u00c9quipe Canada | Site officiel de l&#039;\u00e9quipe olympique","twitter_card":"summary_large_image","twitter_image":"https:\/\/preprod.olympic.ca\/olympique\/wp-content\/uploads\/sites\/2\/2021\/06\/2680x1508-Olympic.ca-5-e1622644213399.jpg?quality=100","twitter_misc":{"Est. reading time":"4 minutes","Written by":"tmacbournieolympicca"},"schema":{"@context":"https:\/\/schema.org","@graph":[{"@type":"WebPage","@id":"https:\/\/preprod.olympic.ca\/olympique\/presse\/nomination-de-lequipe-canadienne-de-natation-artistique-aux-jeux-de-tokyo-2020\/","url":"https:\/\/preprod.olympic.ca\/olympique\/presse\/nomination-de-lequipe-canadienne-de-natation-artistique-aux-jeux-de-tokyo-2020\/","name":"Nomination de l\u2019\u00e9quipe canadienne de natation artistique aux Jeux de Tokyo 2020 - \u00c9quipe Canada | Site officiel de l&#039;\u00e9quipe olympique","isPartOf":{"@id":"https:\/\/preprod.olympic.ca\/olympique\/#website"},"primaryImageOfPage":{"@id":"https:\/\/preprod.olympic.ca\/olympique\/presse\/nomination-de-lequipe-canadienne-de-natation-artistique-aux-jeux-de-tokyo-2020\/#primaryimage"},"image":{"@id":"https:\/\/preprod.olympic.ca\/olympique\/presse\/nomination-de-lequipe-canadienne-de-natation-artistique-aux-jeux-de-tokyo-2020\/#primaryimage"},"thumbnailUrl":"https:\/\/preprod.olympic.ca\/olympique\/wp-content\/uploads\/sites\/2\/2021\/06\/2680x1508-Olympic.ca-5-e1622644213399.jpg?quality=100","datePublished":"2021-06-02T13:45:00+00:00","description":"Mercredi, Natation Artistique Canada et le Comit\u00e9 olympique canadien ont d\u00e9voil\u00e9 l\u2019identit\u00e9 des huit nageuses artistiques qui ont \u00e9t\u00e9 nomm\u00e9es au sein de l\u2019\u00e9quipe qui participera aux Jeux olympiques de Tokyo 2020. Le Canada enverra une \u00e9quipe exp\u00e9riment\u00e9e \u00e0 Tokyo, notamment avec sept athl\u00e8tes qui figuraient aussi au sein de la formation pour les Jeux panam\u00e9ricains de Lima 2019.","inLanguage":"fr-FR","potentialAction":[{"@type":"ReadAction","target":["https:\/\/preprod.olympic.ca\/olympique\/presse\/nomination-de-lequipe-canadienne-de-natation-artistique-aux-jeux-de-tokyo-2020\/"]}]},{"@type":"ImageObject","inLanguage":"fr-FR","@id":"https:\/\/preprod.olympic.ca\/olympique\/presse\/nomination-de-lequipe-canadienne-de-natation-artistique-aux-jeux-de-tokyo-2020\/#primaryimage","url":"https:\/\/preprod.olympic.ca\/olympique\/wp-content\/uploads\/sites\/2\/2021\/06\/2680x1508-Olympic.ca-5-e1622644213399.jpg?quality=100","contentUrl":"https:\/\/preprod.olympic.ca\/olympique\/wp-content\/uploads\/sites\/2\/2021\/06\/2680x1508-Olympic.ca-5-e1622644213399.jpg?quality=100","width":2160,"height":1215},{"@type":"WebSite","@id":"https:\/\/preprod.olympic.ca\/olympique\/#website","url":"https:\/\/preprod.olympic.ca\/olympique\/","name":"\u00c9quipe Canada | Site officiel de l&#039;\u00e9quipe olympique","description":"Votre source pour l\u2019\u00c9quipe olympique canadienne. Retrouvez les r\u00e9cits, vid\u00e9os et photos des athl\u00e8tes canadiens, sports olympiques, Jeux olympiques de 2020 et bien plus!","potentialAction":[{"@type":"SearchAction","target":{"@type":"EntryPoint","urlTemplate":"https:\/\/preprod.olympic.ca\/olympique\/?s={search_term_string}"},"query-input":{"@type":"PropertyValueSpecification","valueRequired":true,"valueName":"search_term_string"}}],"inLanguage":"fr-FR"}]}},"jetpack_sharing_enabled":true,"_links":{"self":[{"href":"https:\/\/preprod.olympic.ca\/olympique\/wp-json\/wp\/v2\/press\/180796","targetHints":{"allow":["GET"]}}],"collection":[{"href":"https:\/\/preprod.olympic.ca\/olympique\/wp-json\/wp\/v2\/press"}],"about":[{"href":"https:\/\/preprod.olympic.ca\/olympique\/wp-json\/wp\/v2\/types\/press"}],"version-history":[{"count":0,"href":"https:\/\/preprod.olympic.ca\/olympique\/wp-json\/wp\/v2\/press\/180796\/revisions"}],"wp:featuredmedia":[{"embeddable":true,"href":"https:\/\/preprod.olympic.ca\/olympique\/wp-json\/wp\/v2\/media\/180797"}],"wp:attachment":[{"href":"https:\/\/preprod.olympic.ca\/olympique\/wp-json\/wp\/v2\/media?parent=180796"}],"wp:term":[{"taxonomy":"post_tag","embeddable":true,"href":"https:\/\/preprod.olympic.ca\/olympique\/wp-json\/wp\/v2\/tags?post=180796"},{"taxonomy":"type-of-press","embeddable":true,"href":"https:\/\/preprod.olympic.ca\/olympique\/wp-json\/wp\/v2\/type-of-press?post=180796"},{"taxonomy":"press-topic","embeddable":true,"href":"https:\/\/preprod.olympic.ca\/olympique\/wp-json\/wp\/v2\/press-topic?post=180796"},{"taxonomy":"years","embeddable":true,"href":"https:\/\/preprod.olympic.ca\/olympique\/wp-json\/wp\/v2\/years?post=180796"}],"curies":[{"name":"wp","href":"https:\/\/api.w.org\/{rel}","templated":true}]}}