{"id":201865,"date":"2022-02-05T23:02:45","date_gmt":"2022-02-06T04:02:45","guid":{"rendered":"https:\/\/olympique.ca\/?post_type=press&#038;p=201865"},"modified":"2022-02-05T23:02:50","modified_gmt":"2022-02-06T04:02:50","slug":"point-de-presse-disabelle-weidemann-2","status":"publish","type":"press","link":"https:\/\/preprod.olympic.ca\/olympique\/presse\/point-de-presse-disabelle-weidemann-2\/","title":{"rendered":"Point de presse d\u2019Isabelle Weidemann"},"content":{"rendered":"\n<p>BEIJING (6 f\u00e9vrier 2022) \u2013 Isabelle Weidemann tiendra un point de presse en mode virtuel apr\u00e8s sa c\u00e9r\u00e9monie de remise de m\u00e9daille olympique. Samedi, Weidemann a remport\u00e9 la m\u00e9daille de bronze de l\u2019\u00e9preuve du 3000 m, femmes de patinage de vitesse sur longue piste. Il s\u2019agissait de la 200e m\u00e9daille de l\u2019histoire canadienne aux Jeux olympiques d\u2019hiver.<\/p>\n\n\n\n<p>QUAND<\/p>\n\n\n\n<p>Dimanche 6 f\u00e9vrier 2022<br>20 h 30 (heure de Chine)<\/p>\n\n\n\n<p>O\u00d9<br><br>Zoom (\u200b\u200b<a href=\"https:\/\/us06web.zoom.us\/j\/84897447031\">https:\/\/us06web.zoom.us\/j\/84897447031<\/a>)<\/p>\n\n\n\n<p>Note : Ce point de presse sera enregistr\u00e9 et accessible sur demande. Veuillez noter que tout contenu vid\u00e9o sera sous embargo jusqu\u2019au lundi 7 f\u00e9vrier 2022 \u00e0 12 h (heure de Chine).<\/p>\n\n\n\n<p class=\"has-text-align-center\">-30-<\/p>\n\n\n\n<p>CONTACT POUR LES M\u00c9DIAS<\/p>\n\n\n\n<p>Nicole Esperant<br>Attach\u00e9e de presse &#8211; Patinage de vitesse sur longue piste<br>\u00c9quipe Canada<br>Cell.\/WhatsApp : +852-6726-4465\u00a0<br>Courriel : <a href=\"mailto:nicoleatgames@gmail.com\">nicoleatgames@gmail.com<\/a>\u00a0<\/p>\n\n\n\n<p>Josh Su<br>Responsable des op\u00e9rations de presse<br>\u00c9quipe Canada<br>Cell.\/WhatsApp : +852-6726-3967\u00a0\u00a0<br>Courriel : <a href=\"mailto:jsu@olympic.ca\">jsu@olympique.ca<\/a><\/p>\n","protected":false},"excerpt":{"rendered":"<p>BEIJING (6 f\u00e9vrier 2022) \u2013 Isabelle Weidemann tiendra un point de presse en mode virtuel apr\u00e8s sa c\u00e9r\u00e9monie de remise&#8230;<\/p>\n","protected":false},"featured_media":201866,"template":"","format":"standard","tags":[],"type-of-press":[87640050],"press-topic":[682163734],"years":[682163799],"class_list":["post-201865","press","type-press","status-publish","format-standard","has-post-thumbnail","hentry","type-of-press-avis-aux-medias","press-topic-beijing-2022","years-682163799"],"acf":[],"yoast_head":"<!-- This site is optimized with the Yoast SEO plugin v27.3 - https:\/\/yoast.com\/product\/yoast-seo-wordpress\/ -->\n<title>Point de presse d\u2019Isabelle Weidemann - \u00c9quipe Canada | Site officiel de l&#039;\u00e9quipe olympique<\/title>\n<meta name=\"robots\" content=\"index, follow, max-snippet:-1, max-image-preview:large, max-video-preview:-1\" \/>\n<link rel=\"canonical\" href=\"https:\/\/preprod.olympic.ca\/olympique\/presse\/point-de-presse-disabelle-weidemann-2\/\" \/>\n<meta property=\"og:locale\" content=\"fr_FR\" \/>\n<meta property=\"og:type\" content=\"article\" \/>\n<meta property=\"og:title\" content=\"Point de presse d\u2019Isabelle Weidemann - \u00c9quipe Canada | Site officiel de l&#039;\u00e9quipe olympique\" \/>\n<meta property=\"og:description\" content=\"BEIJING (6 f\u00e9vrier 2022) \u2013 Isabelle Weidemann tiendra un point de presse en mode virtuel apr\u00e8s sa c\u00e9r\u00e9monie de remise...\" \/>\n<meta property=\"og:url\" content=\"https:\/\/preprod.olympic.ca\/olympique\/presse\/point-de-presse-disabelle-weidemann-2\/\" \/>\n<meta property=\"og:site_name\" content=\"\u00c9quipe Canada | Site officiel de l&#039;\u00e9quipe olympique\" \/>\n<meta property=\"article:modified_time\" content=\"2022-02-06T04:02:50+00:00\" \/>\n<meta property=\"og:image\" content=\"https:\/\/preprod.olympic.ca\/olympique\/wp-content\/uploads\/sites\/2\/2022\/02\/WEB_COC_AVIS-AUX-MEDIA-3.jpeg?quality=100\" \/>\n\t<meta property=\"og:image:width\" content=\"2048\" \/>\n\t<meta property=\"og:image:height\" content=\"1153\" \/>\n\t<meta property=\"og:image:type\" content=\"image\/jpeg\" \/>\n<meta name=\"twitter:card\" content=\"summary_large_image\" \/>\n<meta name=\"twitter:label1\" content=\"Est. reading time\" \/>\n\t<meta name=\"twitter:data1\" content=\"1 minute\" \/>\n\t<meta name=\"twitter:label2\" content=\"Written by\" \/>\n\t<meta name=\"twitter:data2\" content=\"joshsu\" \/>\n<script type=\"application\/ld+json\" class=\"yoast-schema-graph\">{\"@context\":\"https:\\\/\\\/schema.org\",\"@graph\":[{\"@type\":\"WebPage\",\"@id\":\"https:\\\/\\\/preprod.olympic.ca\\\/olympique\\\/presse\\\/point-de-presse-disabelle-weidemann-2\\\/\",\"url\":\"https:\\\/\\\/preprod.olympic.ca\\\/olympique\\\/presse\\\/point-de-presse-disabelle-weidemann-2\\\/\",\"name\":\"Point de presse d\u2019Isabelle Weidemann - \u00c9quipe Canada | Site officiel de l&#039;\u00e9quipe olympique\",\"isPartOf\":{\"@id\":\"https:\\\/\\\/preprod.olympic.ca\\\/olympique\\\/#website\"},\"primaryImageOfPage\":{\"@id\":\"https:\\\/\\\/preprod.olympic.ca\\\/olympique\\\/presse\\\/point-de-presse-disabelle-weidemann-2\\\/#primaryimage\"},\"image\":{\"@id\":\"https:\\\/\\\/preprod.olympic.ca\\\/olympique\\\/presse\\\/point-de-presse-disabelle-weidemann-2\\\/#primaryimage\"},\"thumbnailUrl\":\"https:\\\/\\\/preprod.olympic.ca\\\/olympique\\\/wp-content\\\/uploads\\\/sites\\\/2\\\/2022\\\/02\\\/WEB_COC_AVIS-AUX-MEDIA-3.jpeg?quality=100\",\"datePublished\":\"2022-02-06T04:02:45+00:00\",\"dateModified\":\"2022-02-06T04:02:50+00:00\",\"inLanguage\":\"fr-FR\",\"potentialAction\":[{\"@type\":\"ReadAction\",\"target\":[\"https:\\\/\\\/preprod.olympic.ca\\\/olympique\\\/presse\\\/point-de-presse-disabelle-weidemann-2\\\/\"]}]},{\"@type\":\"ImageObject\",\"inLanguage\":\"fr-FR\",\"@id\":\"https:\\\/\\\/preprod.olympic.ca\\\/olympique\\\/presse\\\/point-de-presse-disabelle-weidemann-2\\\/#primaryimage\",\"url\":\"https:\\\/\\\/preprod.olympic.ca\\\/olympique\\\/wp-content\\\/uploads\\\/sites\\\/2\\\/2022\\\/02\\\/WEB_COC_AVIS-AUX-MEDIA-3.jpeg?quality=100\",\"contentUrl\":\"https:\\\/\\\/preprod.olympic.ca\\\/olympique\\\/wp-content\\\/uploads\\\/sites\\\/2\\\/2022\\\/02\\\/WEB_COC_AVIS-AUX-MEDIA-3.jpeg?quality=100\",\"width\":2048,\"height\":1153},{\"@type\":\"WebSite\",\"@id\":\"https:\\\/\\\/preprod.olympic.ca\\\/olympique\\\/#website\",\"url\":\"https:\\\/\\\/preprod.olympic.ca\\\/olympique\\\/\",\"name\":\"\u00c9quipe Canada | Site officiel de l&#039;\u00e9quipe olympique\",\"description\":\"Votre source pour l\u2019\u00c9quipe olympique canadienne. Retrouvez les r\u00e9cits, vid\u00e9os et photos des athl\u00e8tes canadiens, sports olympiques, Jeux olympiques de 2020 et bien plus!\",\"potentialAction\":[{\"@type\":\"SearchAction\",\"target\":{\"@type\":\"EntryPoint\",\"urlTemplate\":\"https:\\\/\\\/preprod.olympic.ca\\\/olympique\\\/?s={search_term_string}\"},\"query-input\":{\"@type\":\"PropertyValueSpecification\",\"valueRequired\":true,\"valueName\":\"search_term_string\"}}],\"inLanguage\":\"fr-FR\"}]}<\/script>\n<!-- \/ Yoast SEO plugin. -->","yoast_head_json":{"title":"Point de presse d\u2019Isabelle Weidemann - \u00c9quipe Canada | Site officiel de l&#039;\u00e9quipe olympique","robots":{"index":"index","follow":"follow","max-snippet":"max-snippet:-1","max-image-preview":"max-image-preview:large","max-video-preview":"max-video-preview:-1"},"canonical":"https:\/\/preprod.olympic.ca\/olympique\/presse\/point-de-presse-disabelle-weidemann-2\/","og_locale":"fr_FR","og_type":"article","og_title":"Point de presse d\u2019Isabelle Weidemann - \u00c9quipe Canada | Site officiel de l&#039;\u00e9quipe olympique","og_description":"BEIJING (6 f\u00e9vrier 2022) \u2013 Isabelle Weidemann tiendra un point de presse en mode virtuel apr\u00e8s sa c\u00e9r\u00e9monie de remise...","og_url":"https:\/\/preprod.olympic.ca\/olympique\/presse\/point-de-presse-disabelle-weidemann-2\/","og_site_name":"\u00c9quipe Canada | Site officiel de l&#039;\u00e9quipe olympique","article_modified_time":"2022-02-06T04:02:50+00:00","og_image":[{"width":2048,"height":1153,"url":"https:\/\/preprod.olympic.ca\/olympique\/wp-content\/uploads\/sites\/2\/2022\/02\/WEB_COC_AVIS-AUX-MEDIA-3.jpeg?quality=100","type":"image\/jpeg"}],"twitter_card":"summary_large_image","twitter_misc":{"Est. reading time":"1 minute","Written by":"joshsu"},"schema":{"@context":"https:\/\/schema.org","@graph":[{"@type":"WebPage","@id":"https:\/\/preprod.olympic.ca\/olympique\/presse\/point-de-presse-disabelle-weidemann-2\/","url":"https:\/\/preprod.olympic.ca\/olympique\/presse\/point-de-presse-disabelle-weidemann-2\/","name":"Point de presse d\u2019Isabelle Weidemann - \u00c9quipe Canada | Site officiel de l&#039;\u00e9quipe olympique","isPartOf":{"@id":"https:\/\/preprod.olympic.ca\/olympique\/#website"},"primaryImageOfPage":{"@id":"https:\/\/preprod.olympic.ca\/olympique\/presse\/point-de-presse-disabelle-weidemann-2\/#primaryimage"},"image":{"@id":"https:\/\/preprod.olympic.ca\/olympique\/presse\/point-de-presse-disabelle-weidemann-2\/#primaryimage"},"thumbnailUrl":"https:\/\/preprod.olympic.ca\/olympique\/wp-content\/uploads\/sites\/2\/2022\/02\/WEB_COC_AVIS-AUX-MEDIA-3.jpeg?quality=100","datePublished":"2022-02-06T04:02:45+00:00","dateModified":"2022-02-06T04:02:50+00:00","inLanguage":"fr-FR","potentialAction":[{"@type":"ReadAction","target":["https:\/\/preprod.olympic.ca\/olympique\/presse\/point-de-presse-disabelle-weidemann-2\/"]}]},{"@type":"ImageObject","inLanguage":"fr-FR","@id":"https:\/\/preprod.olympic.ca\/olympique\/presse\/point-de-presse-disabelle-weidemann-2\/#primaryimage","url":"https:\/\/preprod.olympic.ca\/olympique\/wp-content\/uploads\/sites\/2\/2022\/02\/WEB_COC_AVIS-AUX-MEDIA-3.jpeg?quality=100","contentUrl":"https:\/\/preprod.olympic.ca\/olympique\/wp-content\/uploads\/sites\/2\/2022\/02\/WEB_COC_AVIS-AUX-MEDIA-3.jpeg?quality=100","width":2048,"height":1153},{"@type":"WebSite","@id":"https:\/\/preprod.olympic.ca\/olympique\/#website","url":"https:\/\/preprod.olympic.ca\/olympique\/","name":"\u00c9quipe Canada | Site officiel de l&#039;\u00e9quipe olympique","description":"Votre source pour l\u2019\u00c9quipe olympique canadienne. Retrouvez les r\u00e9cits, vid\u00e9os et photos des athl\u00e8tes canadiens, sports olympiques, Jeux olympiques de 2020 et bien plus!","potentialAction":[{"@type":"SearchAction","target":{"@type":"EntryPoint","urlTemplate":"https:\/\/preprod.olympic.ca\/olympique\/?s={search_term_string}"},"query-input":{"@type":"PropertyValueSpecification","valueRequired":true,"valueName":"search_term_string"}}],"inLanguage":"fr-FR"}]}},"jetpack_sharing_enabled":true,"_links":{"self":[{"href":"https:\/\/preprod.olympic.ca\/olympique\/wp-json\/wp\/v2\/press\/201865","targetHints":{"allow":["GET"]}}],"collection":[{"href":"https:\/\/preprod.olympic.ca\/olympique\/wp-json\/wp\/v2\/press"}],"about":[{"href":"https:\/\/preprod.olympic.ca\/olympique\/wp-json\/wp\/v2\/types\/press"}],"version-history":[{"count":1,"href":"https:\/\/preprod.olympic.ca\/olympique\/wp-json\/wp\/v2\/press\/201865\/revisions"}],"predecessor-version":[{"id":201867,"href":"https:\/\/preprod.olympic.ca\/olympique\/wp-json\/wp\/v2\/press\/201865\/revisions\/201867"}],"wp:featuredmedia":[{"embeddable":true,"href":"https:\/\/preprod.olympic.ca\/olympique\/wp-json\/wp\/v2\/media\/201866"}],"wp:attachment":[{"href":"https:\/\/preprod.olympic.ca\/olympique\/wp-json\/wp\/v2\/media?parent=201865"}],"wp:term":[{"taxonomy":"post_tag","embeddable":true,"href":"https:\/\/preprod.olympic.ca\/olympique\/wp-json\/wp\/v2\/tags?post=201865"},{"taxonomy":"type-of-press","embeddable":true,"href":"https:\/\/preprod.olympic.ca\/olympique\/wp-json\/wp\/v2\/type-of-press?post=201865"},{"taxonomy":"press-topic","embeddable":true,"href":"https:\/\/preprod.olympic.ca\/olympique\/wp-json\/wp\/v2\/press-topic?post=201865"},{"taxonomy":"years","embeddable":true,"href":"https:\/\/preprod.olympic.ca\/olympique\/wp-json\/wp\/v2\/years?post=201865"}],"curies":[{"name":"wp","href":"https:\/\/api.w.org\/{rel}","templated":true}]}}