{"id":210325,"date":"2022-07-06T13:56:48","date_gmt":"2022-07-06T17:56:48","guid":{"rendered":"https:\/\/olympique.ca\/?post_type=press&#038;p=210325"},"modified":"2022-07-06T14:58:20","modified_gmt":"2022-07-06T18:58:20","slug":"quatre-importantes-premieres-nations-et-lequipe-de-faisabilite-presenteront-les-previsions-dinvestissement-pour-les-jeux-olympiques-et-paralympiques-dhiver-de-2030-en-colomb","status":"publish","type":"press","link":"https:\/\/preprod.olympic.ca\/olympique\/presse\/quatre-importantes-premieres-nations-et-lequipe-de-faisabilite-presenteront-les-previsions-dinvestissement-pour-les-jeux-olympiques-et-paralympiques-dhiver-de-2030-en-colomb\/","title":{"rendered":"Quatre importantes Premi\u00e8res Nations et l\u2019\u00e9quipe de faisabilit\u00e9 pr\u00e9senteront les pr\u00e9visions d\u2019investissement pour les Jeux olympiques et paralympiques d\u2019hiver de 2030 en Colombie-Britannique"},"content":{"rendered":"\n<p>(6 juillet 2022) \u2013 Les Premi\u00e8res Nations Lil\u0313wat7\u00fal (L\u00edl\u0313wat), x\u02b7m\u0259\u03b8k\u02b7\u0259y\u0313\u0259m (Musqueam), S\u1e35wx\u0331w\u00fa7mesh (Squamish) et s\u0259l\u0313ilw\u0313\u0259ta\u0294\u026c (Tsleil-Waututh) ainsi que l\u2019\u00e9quipe de faisabilit\u00e9 repr\u00e9sentant le Comit\u00e9 olympique canadien et le Comit\u00e9 paralympique canadien invitent les m\u00e9dias pour une s\u00e9ance d\u2019information portant sur les pr\u00e9visions initiales d\u2019investissement dans le but de livrer le concept d\u2019accueil des Jeux propos\u00e9 en vue du d\u00e9p\u00f4t d\u2019une candidature pour les Jeux olympiques et paralympiques d\u2019hiver de 2030 en Colombie-Britannique.<\/p>\n\n\n\n<p>Le point de presse se d\u00e9roulera au Temple de la renomm\u00e9e des sports de la Colombie-Britannique, le 8 juillet \u00e0 9 h (HP). Les repr\u00e9sentants des m\u00e9dias sont invit\u00e9s pour cette s\u00e9ance d\u2019information, qui sera suivie par une p\u00e9riode d\u2019entrevues. Les m\u00e9dias qui ne sont pas en mesure d\u2019\u00eatre pr\u00e9sents sur place pourront participer par vid\u00e9oconf\u00e9rence Zoom.<\/p>\n\n\n\n<p><strong>Quand<\/strong><br>Vendredi 8 juillet 2022<br>9 h (HP)<\/p>\n\n\n\n<p><strong>O\u00f9<\/strong><br>Temple de la renomm\u00e9e des sports de la Colombie-Britannique<br>777, Pacific Boulevard South, porte A<br>Vancouver (Colombie-Britannique)<\/p>\n\n\n\n<p><strong>Lien Zoom<\/strong><br><a href=\"https:\/\/us06web.zoom.us\/s\/84758968102?pwd=ampyNytjTUN6UDYvYVFvaCtVOG4wQT09\">https:\/\/us06web.zoom.us\/s\/84758968102?pwd=ampyNytjTUN6UDYvYVFvaCtVOG4wQT09<\/a><\/p>\n\n\n\n<p><strong>Qui<\/strong><strong><br><\/strong>Tewanee Joseph, \u00c9quipe de faisabilit\u00e9 2030 \u2013 partenariats autochtones<br>Chris Lewis \u2013 Nation Squamish<br>Dennis Thomas \u2013 Nation Tsleil-Waututh<br>Courtenay Gibson \u2013 Nation Musqueam<br>Andrew Baker \u2013 \u00c9quipe de la faisabilit\u00e9 2030 \u2013 COC<br>Mary Conibear \u2013 \u00c9quipe de faisabilit\u00e9 2030 \u2013 R\u00e9percussions et h\u00e9ritage<br>Tim Gayda \u2013 \u00c9quipe de faisabilit\u00e9 2030 \u2013 Plan directeur des Jeux<br>Gail Hamamoto \u2013 Vice-pr\u00e9sidente du CPC (via Zoom en direct de Kamloops)<br>Tricia Smith \u2013 Pr\u00e9sidente du COC (via Zoom en direct du Royaume-Uni)<\/p>\n\n\n\n<p class=\"has-text-align-center\">-30-<\/p>\n\n\n\n<p>CONTACTS POUR LES M\u00c9DIAS<\/p>\n\n\n\n<p>Chris Dornan<br>\u00c9quipe de faisabilit\u00e9 du COC\/CPC<br><a href=\"mailto:hpprchris@shaw.ca\">hpprchris@shaw.ca<br><\/a>403-620-8731<\/p>\n\n\n\n<p>Nation L\u00edl\u0313wat<br><a href=\"mailto:communications@lilwat.ca\" target=\"_blank\" rel=\"noreferrer noopener\">communications@lilwat.ca<\/a>&nbsp;<\/p>\n\n\n\n<p>Odette Wilson<br>Nation Musqueam<br><a href=\"mailto:owilson@musqueam.bc.ca\">owilson@musqueam.bc.ca<br><\/a>236-885-7335<\/p>\n\n\n\n<p>Marc Riddell<br>Nation Squamish<br><a href=\"mailto:Marc_Riddell@squamish.net\">Marc_Riddell@squamish.net<br><\/a>604.902.3357<\/p>\n\n\n\n<p>Cassie Brondgeest<br>Nation Tsleil-Waututh<br><a href=\"mailto:cbrondgeest@twnation.ca\">cbrondgeest@twnation.ca<br><\/a>236-334-4525<\/p>\n\n\n\n<p>Alvin Singh<br>Bureau du maire de Vancouver<br><a href=\"mailto:alvin.singh@vancouver.ca\">alvin.singh@vancouver.ca<\/a><\/p>\n\n\n\n<p>Bureau des communications de la Ville de Vancouver<br><a href=\"mailto:media@vancouver.ca\" target=\"_blank\" rel=\"noreferrer noopener\">media@vancouver.ca<\/a><\/p>\n\n\n\n<p>Bureau du maire de Whistler \u2013 D\u00e9partement des communications<br><a href=\"mailto:media@whistler.ca\">media@whistler.ca<\/a>&nbsp;<br>604-967-3030<\/p>\n\n\n\n<p>Nicole Watts<br>Gestionnaire, relations publiques, CPC<br><a href=\"mailto:nwatts@paralympic.ca\">nwatts@paralympic.ca<br><\/a>613-462-2700<\/p>\n\n\n\n<p>Thomas Hall<br>Directeur, communications et relations m\u00e9dias, COC<br><a href=\"mailto:thall@olympique.ca\">thall@olympique.ca<br><\/a>514-709-1054<\/p>\n","protected":false},"excerpt":{"rendered":"<p>(6 juillet 2022) \u2013 Les Premi\u00e8res Nations Lil\u0313wat7\u00fal (L\u00edl\u0313wat), x\u02b7m\u0259\u03b8k\u02b7\u0259y\u0313\u0259m (Musqueam), S\u1e35wx\u0331w\u00fa7mesh (Squamish) et s\u0259l\u0313ilw\u0313\u0259ta\u0294\u026c (Tsleil-Waututh) ainsi que l\u2019\u00e9quipe de&#8230;<\/p>\n","protected":false},"featured_media":209293,"template":"","format":"standard","tags":[],"type-of-press":[87640050],"press-topic":[415985198],"years":[682163799],"class_list":["post-210325","press","type-press","status-publish","format-standard","has-post-thumbnail","hentry","type-of-press-avis-aux-medias","press-topic-general","years-682163799"],"acf":[],"yoast_head":"<!-- This site is optimized with the Yoast SEO plugin v27.3 - https:\/\/yoast.com\/product\/yoast-seo-wordpress\/ -->\n<title>Quatre importantes Premi\u00e8res Nations et l\u2019\u00e9quipe de faisabilit\u00e9 pr\u00e9senteront les pr\u00e9visions d\u2019investissement pour les Jeux olympiques et paralympiques d\u2019hiver de 2030 en Colombie-Britannique - \u00c9quipe Canada | Site officiel de l&#039;\u00e9quipe olympique<\/title>\n<meta name=\"description\" content=\"Les Premi\u00e8res Nations Lil\u0313wat7\u00fal (L\u00edl\u0313wat), x\u02b7m\u0259\u03b8k\u02b7\u0259y\u0313\u0259m (Musqueam), Sk\u0331wx\u0331wu\u03017mesh (Squamish) et s\u0259l\u0313ilw\u0313\u0259ta\u0294\u026c (Tsleil-Waututh) ainsi que l\u2019\u00e9quipe de faisabilit\u00e9 repr\u00e9sentant le Comit\u00e9 olympique canadien et le Comit\u00e9 paralympique canadien invitent les m\u00e9dias pour une s\u00e9ance d\u2019information portant sur les pr\u00e9visions initiales d\u2019investissement dans le but de livrer le concept d\u2019accueil des Jeux propos\u00e9 en vue du d\u00e9p\u00f4t d\u2019une candidature pour les Jeux olympiques et paralympiques d\u2019hiver de 2030 en Colombie-Britannique.\" \/>\n<meta name=\"robots\" content=\"index, follow, max-snippet:-1, max-image-preview:large, max-video-preview:-1\" \/>\n<link rel=\"canonical\" href=\"https:\/\/preprod.olympic.ca\/olympique\/presse\/quatre-importantes-premieres-nations-et-lequipe-de-faisabilite-presenteront-les-previsions-dinvestissement-pour-les-jeux-olympiques-et-paralympiques-dhiver-de-2030-en-colomb\/\" \/>\n<meta property=\"og:locale\" content=\"fr_FR\" \/>\n<meta property=\"og:type\" content=\"article\" \/>\n<meta property=\"og:title\" content=\"Quatre importantes Premi\u00e8res Nations et l\u2019\u00e9quipe de faisabilit\u00e9 pr\u00e9senteront les pr\u00e9visions d\u2019investissement pour les Jeux olympiques et paralympiques d\u2019hiver de 2030 en Colombie-Britannique - \u00c9quipe Canada | Site officiel de l&#039;\u00e9quipe olympique\" \/>\n<meta property=\"og:description\" content=\"Les Premi\u00e8res Nations Lil\u0313wat7\u00fal (L\u00edl\u0313wat), x\u02b7m\u0259\u03b8k\u02b7\u0259y\u0313\u0259m (Musqueam), Sk\u0331wx\u0331wu\u03017mesh (Squamish) et s\u0259l\u0313ilw\u0313\u0259ta\u0294\u026c (Tsleil-Waututh) ainsi que l\u2019\u00e9quipe de faisabilit\u00e9 repr\u00e9sentant le Comit\u00e9 olympique canadien et le Comit\u00e9 paralympique canadien invitent les m\u00e9dias pour une s\u00e9ance d\u2019information portant sur les pr\u00e9visions initiales d\u2019investissement dans le but de livrer le concept d\u2019accueil des Jeux propos\u00e9 en vue du d\u00e9p\u00f4t d\u2019une candidature pour les Jeux olympiques et paralympiques d\u2019hiver de 2030 en Colombie-Britannique.\" \/>\n<meta property=\"og:url\" content=\"https:\/\/preprod.olympic.ca\/olympique\/presse\/quatre-importantes-premieres-nations-et-lequipe-de-faisabilite-presenteront-les-previsions-dinvestissement-pour-les-jeux-olympiques-et-paralympiques-dhiver-de-2030-en-colomb\/\" \/>\n<meta property=\"og:site_name\" content=\"\u00c9quipe Canada | Site officiel de l&#039;\u00e9quipe olympique\" \/>\n<meta property=\"article:modified_time\" content=\"2022-07-06T18:58:20+00:00\" \/>\n<meta name=\"twitter:card\" content=\"summary_large_image\" \/>\n<meta name=\"twitter:image\" content=\"https:\/\/preprod.olympic.ca\/olympique\/wp-content\/uploads\/sites\/2\/2022\/06\/LOCKUPS_FC-STACKED.jpg?quality=100\" \/>\n<meta name=\"twitter:label1\" content=\"Est. reading time\" \/>\n\t<meta name=\"twitter:data1\" content=\"2 minutes\" \/>\n\t<meta name=\"twitter:label2\" content=\"Written by\" \/>\n\t<meta name=\"twitter:data2\" content=\"tmacbournieolympicca\" \/>\n<script type=\"application\/ld+json\" class=\"yoast-schema-graph\">{\"@context\":\"https:\\\/\\\/schema.org\",\"@graph\":[{\"@type\":\"WebPage\",\"@id\":\"https:\\\/\\\/preprod.olympic.ca\\\/olympique\\\/presse\\\/quatre-importantes-premieres-nations-et-lequipe-de-faisabilite-presenteront-les-previsions-dinvestissement-pour-les-jeux-olympiques-et-paralympiques-dhiver-de-2030-en-colomb\\\/\",\"url\":\"https:\\\/\\\/preprod.olympic.ca\\\/olympique\\\/presse\\\/quatre-importantes-premieres-nations-et-lequipe-de-faisabilite-presenteront-les-previsions-dinvestissement-pour-les-jeux-olympiques-et-paralympiques-dhiver-de-2030-en-colomb\\\/\",\"name\":\"Quatre importantes Premi\u00e8res Nations et l\u2019\u00e9quipe de faisabilit\u00e9 pr\u00e9senteront les pr\u00e9visions d\u2019investissement pour les Jeux olympiques et paralympiques d\u2019hiver de 2030 en Colombie-Britannique - \u00c9quipe Canada | Site officiel de l&#039;\u00e9quipe olympique\",\"isPartOf\":{\"@id\":\"https:\\\/\\\/preprod.olympic.ca\\\/olympique\\\/#website\"},\"primaryImageOfPage\":{\"@id\":\"https:\\\/\\\/preprod.olympic.ca\\\/olympique\\\/presse\\\/quatre-importantes-premieres-nations-et-lequipe-de-faisabilite-presenteront-les-previsions-dinvestissement-pour-les-jeux-olympiques-et-paralympiques-dhiver-de-2030-en-colomb\\\/#primaryimage\"},\"image\":{\"@id\":\"https:\\\/\\\/preprod.olympic.ca\\\/olympique\\\/presse\\\/quatre-importantes-premieres-nations-et-lequipe-de-faisabilite-presenteront-les-previsions-dinvestissement-pour-les-jeux-olympiques-et-paralympiques-dhiver-de-2030-en-colomb\\\/#primaryimage\"},\"thumbnailUrl\":\"https:\\\/\\\/preprod.olympic.ca\\\/olympique\\\/wp-content\\\/uploads\\\/sites\\\/2\\\/2022\\\/06\\\/LOCKUPS_FC-STACKED.jpg?quality=100\",\"datePublished\":\"2022-07-06T17:56:48+00:00\",\"dateModified\":\"2022-07-06T18:58:20+00:00\",\"description\":\"Les Premi\u00e8res Nations Lil\u0313wat7\u00fal (L\u00edl\u0313wat), x\u02b7m\u0259\u03b8k\u02b7\u0259y\u0313\u0259m (Musqueam), Sk\u0331wx\u0331wu\u03017mesh (Squamish) et s\u0259l\u0313ilw\u0313\u0259ta\u0294\u026c (Tsleil-Waututh) ainsi que l\u2019\u00e9quipe de faisabilit\u00e9 repr\u00e9sentant le Comit\u00e9 olympique canadien et le Comit\u00e9 paralympique canadien invitent les m\u00e9dias pour une s\u00e9ance d\u2019information portant sur les pr\u00e9visions initiales d\u2019investissement dans le but de livrer le concept d\u2019accueil des Jeux propos\u00e9 en vue du d\u00e9p\u00f4t d\u2019une candidature pour les Jeux olympiques et paralympiques d\u2019hiver de 2030 en Colombie-Britannique.\",\"inLanguage\":\"fr-FR\",\"potentialAction\":[{\"@type\":\"ReadAction\",\"target\":[\"https:\\\/\\\/preprod.olympic.ca\\\/olympique\\\/presse\\\/quatre-importantes-premieres-nations-et-lequipe-de-faisabilite-presenteront-les-previsions-dinvestissement-pour-les-jeux-olympiques-et-paralympiques-dhiver-de-2030-en-colomb\\\/\"]}]},{\"@type\":\"ImageObject\",\"inLanguage\":\"fr-FR\",\"@id\":\"https:\\\/\\\/preprod.olympic.ca\\\/olympique\\\/presse\\\/quatre-importantes-premieres-nations-et-lequipe-de-faisabilite-presenteront-les-previsions-dinvestissement-pour-les-jeux-olympiques-et-paralympiques-dhiver-de-2030-en-colomb\\\/#primaryimage\",\"url\":\"https:\\\/\\\/preprod.olympic.ca\\\/olympique\\\/wp-content\\\/uploads\\\/sites\\\/2\\\/2022\\\/06\\\/LOCKUPS_FC-STACKED.jpg?quality=100\",\"contentUrl\":\"https:\\\/\\\/preprod.olympic.ca\\\/olympique\\\/wp-content\\\/uploads\\\/sites\\\/2\\\/2022\\\/06\\\/LOCKUPS_FC-STACKED.jpg?quality=100\",\"width\":6133,\"height\":3763},{\"@type\":\"WebSite\",\"@id\":\"https:\\\/\\\/preprod.olympic.ca\\\/olympique\\\/#website\",\"url\":\"https:\\\/\\\/preprod.olympic.ca\\\/olympique\\\/\",\"name\":\"\u00c9quipe Canada | Site officiel de l&#039;\u00e9quipe olympique\",\"description\":\"Votre source pour l\u2019\u00c9quipe olympique canadienne. Retrouvez les r\u00e9cits, vid\u00e9os et photos des athl\u00e8tes canadiens, sports olympiques, Jeux olympiques de 2020 et bien plus!\",\"potentialAction\":[{\"@type\":\"SearchAction\",\"target\":{\"@type\":\"EntryPoint\",\"urlTemplate\":\"https:\\\/\\\/preprod.olympic.ca\\\/olympique\\\/?s={search_term_string}\"},\"query-input\":{\"@type\":\"PropertyValueSpecification\",\"valueRequired\":true,\"valueName\":\"search_term_string\"}}],\"inLanguage\":\"fr-FR\"}]}<\/script>\n<!-- \/ Yoast SEO plugin. -->","yoast_head_json":{"title":"Quatre importantes Premi\u00e8res Nations et l\u2019\u00e9quipe de faisabilit\u00e9 pr\u00e9senteront les pr\u00e9visions d\u2019investissement pour les Jeux olympiques et paralympiques d\u2019hiver de 2030 en Colombie-Britannique - \u00c9quipe Canada | Site officiel de l&#039;\u00e9quipe olympique","description":"Les Premi\u00e8res Nations Lil\u0313wat7\u00fal (L\u00edl\u0313wat), x\u02b7m\u0259\u03b8k\u02b7\u0259y\u0313\u0259m (Musqueam), Sk\u0331wx\u0331wu\u03017mesh (Squamish) et s\u0259l\u0313ilw\u0313\u0259ta\u0294\u026c (Tsleil-Waututh) ainsi que l\u2019\u00e9quipe de faisabilit\u00e9 repr\u00e9sentant le Comit\u00e9 olympique canadien et le Comit\u00e9 paralympique canadien invitent les m\u00e9dias pour une s\u00e9ance d\u2019information portant sur les pr\u00e9visions initiales d\u2019investissement dans le but de livrer le concept d\u2019accueil des Jeux propos\u00e9 en vue du d\u00e9p\u00f4t d\u2019une candidature pour les Jeux olympiques et paralympiques d\u2019hiver de 2030 en Colombie-Britannique.","robots":{"index":"index","follow":"follow","max-snippet":"max-snippet:-1","max-image-preview":"max-image-preview:large","max-video-preview":"max-video-preview:-1"},"canonical":"https:\/\/preprod.olympic.ca\/olympique\/presse\/quatre-importantes-premieres-nations-et-lequipe-de-faisabilite-presenteront-les-previsions-dinvestissement-pour-les-jeux-olympiques-et-paralympiques-dhiver-de-2030-en-colomb\/","og_locale":"fr_FR","og_type":"article","og_title":"Quatre importantes Premi\u00e8res Nations et l\u2019\u00e9quipe de faisabilit\u00e9 pr\u00e9senteront les pr\u00e9visions d\u2019investissement pour les Jeux olympiques et paralympiques d\u2019hiver de 2030 en Colombie-Britannique - \u00c9quipe Canada | Site officiel de l&#039;\u00e9quipe olympique","og_description":"Les Premi\u00e8res Nations Lil\u0313wat7\u00fal (L\u00edl\u0313wat), x\u02b7m\u0259\u03b8k\u02b7\u0259y\u0313\u0259m (Musqueam), Sk\u0331wx\u0331wu\u03017mesh (Squamish) et s\u0259l\u0313ilw\u0313\u0259ta\u0294\u026c (Tsleil-Waututh) ainsi que l\u2019\u00e9quipe de faisabilit\u00e9 repr\u00e9sentant le Comit\u00e9 olympique canadien et le Comit\u00e9 paralympique canadien invitent les m\u00e9dias pour une s\u00e9ance d\u2019information portant sur les pr\u00e9visions initiales d\u2019investissement dans le but de livrer le concept d\u2019accueil des Jeux propos\u00e9 en vue du d\u00e9p\u00f4t d\u2019une candidature pour les Jeux olympiques et paralympiques d\u2019hiver de 2030 en Colombie-Britannique.","og_url":"https:\/\/preprod.olympic.ca\/olympique\/presse\/quatre-importantes-premieres-nations-et-lequipe-de-faisabilite-presenteront-les-previsions-dinvestissement-pour-les-jeux-olympiques-et-paralympiques-dhiver-de-2030-en-colomb\/","og_site_name":"\u00c9quipe Canada | Site officiel de l&#039;\u00e9quipe olympique","article_modified_time":"2022-07-06T18:58:20+00:00","twitter_card":"summary_large_image","twitter_image":"https:\/\/preprod.olympic.ca\/olympique\/wp-content\/uploads\/sites\/2\/2022\/06\/LOCKUPS_FC-STACKED.jpg?quality=100","twitter_misc":{"Est. reading time":"2 minutes","Written by":"tmacbournieolympicca"},"schema":{"@context":"https:\/\/schema.org","@graph":[{"@type":"WebPage","@id":"https:\/\/preprod.olympic.ca\/olympique\/presse\/quatre-importantes-premieres-nations-et-lequipe-de-faisabilite-presenteront-les-previsions-dinvestissement-pour-les-jeux-olympiques-et-paralympiques-dhiver-de-2030-en-colomb\/","url":"https:\/\/preprod.olympic.ca\/olympique\/presse\/quatre-importantes-premieres-nations-et-lequipe-de-faisabilite-presenteront-les-previsions-dinvestissement-pour-les-jeux-olympiques-et-paralympiques-dhiver-de-2030-en-colomb\/","name":"Quatre importantes Premi\u00e8res Nations et l\u2019\u00e9quipe de faisabilit\u00e9 pr\u00e9senteront les pr\u00e9visions d\u2019investissement pour les Jeux olympiques et paralympiques d\u2019hiver de 2030 en Colombie-Britannique - \u00c9quipe Canada | Site officiel de l&#039;\u00e9quipe olympique","isPartOf":{"@id":"https:\/\/preprod.olympic.ca\/olympique\/#website"},"primaryImageOfPage":{"@id":"https:\/\/preprod.olympic.ca\/olympique\/presse\/quatre-importantes-premieres-nations-et-lequipe-de-faisabilite-presenteront-les-previsions-dinvestissement-pour-les-jeux-olympiques-et-paralympiques-dhiver-de-2030-en-colomb\/#primaryimage"},"image":{"@id":"https:\/\/preprod.olympic.ca\/olympique\/presse\/quatre-importantes-premieres-nations-et-lequipe-de-faisabilite-presenteront-les-previsions-dinvestissement-pour-les-jeux-olympiques-et-paralympiques-dhiver-de-2030-en-colomb\/#primaryimage"},"thumbnailUrl":"https:\/\/preprod.olympic.ca\/olympique\/wp-content\/uploads\/sites\/2\/2022\/06\/LOCKUPS_FC-STACKED.jpg?quality=100","datePublished":"2022-07-06T17:56:48+00:00","dateModified":"2022-07-06T18:58:20+00:00","description":"Les Premi\u00e8res Nations Lil\u0313wat7\u00fal (L\u00edl\u0313wat), x\u02b7m\u0259\u03b8k\u02b7\u0259y\u0313\u0259m (Musqueam), Sk\u0331wx\u0331wu\u03017mesh (Squamish) et s\u0259l\u0313ilw\u0313\u0259ta\u0294\u026c (Tsleil-Waututh) ainsi que l\u2019\u00e9quipe de faisabilit\u00e9 repr\u00e9sentant le Comit\u00e9 olympique canadien et le Comit\u00e9 paralympique canadien invitent les m\u00e9dias pour une s\u00e9ance d\u2019information portant sur les pr\u00e9visions initiales d\u2019investissement dans le but de livrer le concept d\u2019accueil des Jeux propos\u00e9 en vue du d\u00e9p\u00f4t d\u2019une candidature pour les Jeux olympiques et paralympiques d\u2019hiver de 2030 en Colombie-Britannique.","inLanguage":"fr-FR","potentialAction":[{"@type":"ReadAction","target":["https:\/\/preprod.olympic.ca\/olympique\/presse\/quatre-importantes-premieres-nations-et-lequipe-de-faisabilite-presenteront-les-previsions-dinvestissement-pour-les-jeux-olympiques-et-paralympiques-dhiver-de-2030-en-colomb\/"]}]},{"@type":"ImageObject","inLanguage":"fr-FR","@id":"https:\/\/preprod.olympic.ca\/olympique\/presse\/quatre-importantes-premieres-nations-et-lequipe-de-faisabilite-presenteront-les-previsions-dinvestissement-pour-les-jeux-olympiques-et-paralympiques-dhiver-de-2030-en-colomb\/#primaryimage","url":"https:\/\/preprod.olympic.ca\/olympique\/wp-content\/uploads\/sites\/2\/2022\/06\/LOCKUPS_FC-STACKED.jpg?quality=100","contentUrl":"https:\/\/preprod.olympic.ca\/olympique\/wp-content\/uploads\/sites\/2\/2022\/06\/LOCKUPS_FC-STACKED.jpg?quality=100","width":6133,"height":3763},{"@type":"WebSite","@id":"https:\/\/preprod.olympic.ca\/olympique\/#website","url":"https:\/\/preprod.olympic.ca\/olympique\/","name":"\u00c9quipe Canada | Site officiel de l&#039;\u00e9quipe olympique","description":"Votre source pour l\u2019\u00c9quipe olympique canadienne. Retrouvez les r\u00e9cits, vid\u00e9os et photos des athl\u00e8tes canadiens, sports olympiques, Jeux olympiques de 2020 et bien plus!","potentialAction":[{"@type":"SearchAction","target":{"@type":"EntryPoint","urlTemplate":"https:\/\/preprod.olympic.ca\/olympique\/?s={search_term_string}"},"query-input":{"@type":"PropertyValueSpecification","valueRequired":true,"valueName":"search_term_string"}}],"inLanguage":"fr-FR"}]}},"jetpack_sharing_enabled":true,"_links":{"self":[{"href":"https:\/\/preprod.olympic.ca\/olympique\/wp-json\/wp\/v2\/press\/210325","targetHints":{"allow":["GET"]}}],"collection":[{"href":"https:\/\/preprod.olympic.ca\/olympique\/wp-json\/wp\/v2\/press"}],"about":[{"href":"https:\/\/preprod.olympic.ca\/olympique\/wp-json\/wp\/v2\/types\/press"}],"version-history":[{"count":2,"href":"https:\/\/preprod.olympic.ca\/olympique\/wp-json\/wp\/v2\/press\/210325\/revisions"}],"predecessor-version":[{"id":210327,"href":"https:\/\/preprod.olympic.ca\/olympique\/wp-json\/wp\/v2\/press\/210325\/revisions\/210327"}],"wp:featuredmedia":[{"embeddable":true,"href":"https:\/\/preprod.olympic.ca\/olympique\/wp-json\/wp\/v2\/media\/209293"}],"wp:attachment":[{"href":"https:\/\/preprod.olympic.ca\/olympique\/wp-json\/wp\/v2\/media?parent=210325"}],"wp:term":[{"taxonomy":"post_tag","embeddable":true,"href":"https:\/\/preprod.olympic.ca\/olympique\/wp-json\/wp\/v2\/tags?post=210325"},{"taxonomy":"type-of-press","embeddable":true,"href":"https:\/\/preprod.olympic.ca\/olympique\/wp-json\/wp\/v2\/type-of-press?post=210325"},{"taxonomy":"press-topic","embeddable":true,"href":"https:\/\/preprod.olympic.ca\/olympique\/wp-json\/wp\/v2\/press-topic?post=210325"},{"taxonomy":"years","embeddable":true,"href":"https:\/\/preprod.olympic.ca\/olympique\/wp-json\/wp\/v2\/years?post=210325"}],"curies":[{"name":"wp","href":"https:\/\/api.w.org\/{rel}","templated":true}]}}