{"id":213079,"date":"2022-10-11T15:13:01","date_gmt":"2022-10-11T19:13:01","guid":{"rendered":"https:\/\/olympique.ca\/?post_type=press&#038;p=213079"},"modified":"2022-10-12T14:26:48","modified_gmt":"2022-10-12T18:26:48","slug":"100-athletes-participeront-a-la-finale-nationale-du-camp-des-recrues-rbc-a-ottawa","status":"publish","type":"press","link":"https:\/\/preprod.olympic.ca\/olympique\/presse\/100-athletes-participeront-a-la-finale-nationale-du-camp-des-recrues-rbc-a-ottawa\/","title":{"rendered":"100 athl\u00e8tes participeront \u00e0 la Finale nationale du Camp des recrues RBC \u00e0 Ottawa"},"content":{"rendered":"\n<p>OTTAWA (11 octobre 2022) \u2013 Le samedi 22 octobre, plusieurs Olympiens canadiens seront \u00e0 Ottawa en soutien des 100 athl\u00e8tes qui participeront \u00e0 la Finale nationale du Camp des recrues RBC.<\/p>\n\n\n\n<p>\u00c0 sa septi\u00e8me ann\u00e9e d\u2019existence, le Camp des recrues RBC est un programme national d\u2019identification de talent et de financement d\u2019athl\u00e8tes d\u00e9di\u00e9s \u00e0 d\u00e9couvrir et \u00e0 financer la prochaine g\u00e9n\u00e9ration d\u2019Olympiens canadiens. Depuis sa cr\u00e9ation en 2016, le programme a test\u00e9 plus de 12 000 athl\u00e8tes dans le cadre d\u2019\u00e9v\u00e9nements locaux gratuits \u00e0 travers le Canada avec plus de 1600 athl\u00e8tes identifi\u00e9s comme potentiels olympiques par les organismes nationaux de sport (ONS) partenaires. Chaque \u00e9v\u00e9nement, les participants passent des tests afin de mesurer leur vitesse, leur force, leur puissance et leur endurance. Treize athl\u00e8tes issus du Camp des recrues RBC ont particip\u00e9 \u00e0 deux Jeux olympiques et ensemble ils ont r\u00e9colt\u00e9 un total de sept m\u00e9dailles.<\/p>\n\n\n\n<p>Les repr\u00e9sentants des m\u00e9dias sont invit\u00e9s \u00e0 venir prendre des photos, des images et \u00e0 r\u00e9aliser des entrevues. Veuillez confirmer votre pr\u00e9sence aupr\u00e8s de Peter Saltsman (psaltsman@olympique.ca).<\/p>\n\n\n\n<p><strong>QUI<\/strong><\/p>\n\n\n\n<p><a href=\"https:\/\/olympique.ca\/equipe-canada\/avalon-wasteneys\/\">Avalon Wasteneys<\/a> (Finissante du Camp des recrues RBC et m\u00e9daill\u00e9e d\u2019or en aviron)<br><a href=\"https:\/\/olympique.ca\/equipe-canada\/chloe-dufour-lapointe\/\">Chlo\u00e9 Dufour-Lapointe<\/a> (Athl\u00e8te olympique RBC et m\u00e9daill\u00e9e d\u2019argent en ski acrobatique)<br><a href=\"https:\/\/olympique.ca\/equipe-canada\/jerome-blake\/\">Jerome Blake<\/a> (Finissant du Camp des recrues RBC et m\u00e9daill\u00e9 d\u2019argent en athl\u00e9tisme)<br><a href=\"https:\/\/olympique.ca\/equipe-canada\/justin-kripps-2\/\">Justin Kripps<\/a> (Athl\u00e8te olympique RBC et m\u00e9daill\u00e9 d\u2019or et de bronze en bobsleigh)<br><a href=\"https:\/\/olympique.ca\/equipe-canada\/justine-dufour-lapointe\/\">Justine Dufour-Lapointe<\/a> (Athl\u00e8te olympique RBC et m\u00e9daill\u00e9e d\u2019or et d\u2019argent en ski acrobatique)<br><a href=\"https:\/\/olympique.ca\/equipe-canada\/kelsey-mitchell\/\">Kelsey Mitchell<\/a> (Finissante du Camp des recrues RBC et m\u00e9daill\u00e9e d\u2019or en cyclisme)<br><a href=\"https:\/\/olympique.ca\/equipe-canada\/marie-philip-poulin\/\">Marie-Philip Poulin<\/a> (Athl\u00e8te olympique RBC, triple m\u00e9daill\u00e9e d\u2019or et m\u00e9daill\u00e9e d\u2019argent en hockey sur glace)<br><a href=\"https:\/\/olympique.ca\/equipe-canada\/marion-thenault\/\">Marion Th\u00e9nault<\/a> (Finissante du Camp des recrues RBC et m\u00e9daill\u00e9e de bronze en ski acrobatique)<br><a href=\"https:\/\/olympique.ca\/equipe-canada\/melissa-humana-paredes\/\">Melissa Humana-Paredes<\/a> (Athl\u00e8te olympique RBC en volleyball de plage)<br><a href=\"https:\/\/olympique.ca\/equipe-canada\/miranda-ayim\/\">Miranda Ayim<\/a> (Athl\u00e8te olympique RBC en basketball)<br><a href=\"https:\/\/olympique.ca\/team-canada\/pierce-lepage\/\">Pierce LePage<\/a> (Finissant du Camp des recrues RBC et Olympien en athl\u00e9tisme)<br><a href=\"https:\/\/olympique.ca\/equipe-canada\/penny-oleksiak\/\">Penny Oleksiak<\/a> (Athl\u00e8te olympique RBC et septuple m\u00e9daill\u00e9e olympique en natation)<br><a href=\"https:\/\/olympique.ca\/equipe-canada\/sarah-nurse\/\">Sarah Nurse<\/a> (Athl\u00e8te olympique RBC et m\u00e9daill\u00e9e d\u2019or et d\u2019argent en hockey sur glace)<br><a href=\"https:\/\/olympique.ca\/equipe-canada\/valerie-maltais\/\">Val\u00e9rie Maltais<\/a> (Athl\u00e8te olympique RBC et m\u00e9daill\u00e9e d\u2019or et d\u2019argent en patinage de vitesse)<br>Evan MacInnis (Directeur technique du Camp des recrues RBC)<br>Athl\u00e8tes du Camp des recrues RBC (notamment sept athl\u00e8tes locaux de la r\u00e9gion d\u2019Ottawa)<\/p>\n\n\n\n<p><strong>QUAND<\/strong><\/p>\n\n\n\n<p>Samedi 22 octobre 2022<br>P\u00e9riodes pour les m\u00e9dias : 9 h 30 \u00e0 11 h 30 et 12 h 30 \u00e0 14 h 30<\/p>\n\n\n\n<p><strong>O\u00d9<\/strong><\/p>\n\n\n\n<p>Centre EY<br>4899, promenade Uplands<br>Ottawa (Ontario) K1V 2N6<\/p>\n\n\n\n<p class=\"has-text-align-center\">&nbsp;-30-<\/p>\n\n\n\n<p>CONTACTS POUR LES M\u00c9DIAS<\/p>\n\n\n\n<p>Peter\u200b Saltsman, gestionnaire principal, relations publiques<br>Comit\u00e9 olympique canadien<br>Cell. : 647-382-6986<br>Courriel : <a href=\"mailto:psaltsman@olympique.ca\">psaltsman@olympique.ca<\/a><\/p>\n\n\n\n<p>Brianne Sommerville, gestionnaire principale, communications de la marque<br>RBC<br>T\u00e9l. : 437-228-5396<br>Courriel : <a href=\"mailto:brianne.sommerville@rbc.com\">brianne.sommerville@rbc.com<\/a><\/p>\n","protected":false},"excerpt":{"rendered":"<p>OTTAWA (11 octobre 2022) \u2013 Le samedi 22 octobre, plusieurs Olympiens canadiens seront \u00e0 Ottawa en soutien des 100 athl\u00e8tes&#8230;<\/p>\n","protected":false},"featured_media":212136,"template":"","format":"standard","tags":[],"type-of-press":[87640050],"press-topic":[415985198],"years":[682163799],"class_list":["post-213079","press","type-press","status-publish","format-standard","has-post-thumbnail","hentry","type-of-press-avis-aux-medias","press-topic-general","years-682163799"],"acf":[],"yoast_head":"<!-- This site is optimized with the Yoast SEO plugin v27.3 - https:\/\/yoast.com\/product\/yoast-seo-wordpress\/ -->\n<title>100 athl\u00e8tes participeront \u00e0 la Finale nationale du Camp des recrues RBC \u00e0 Ottawa - \u00c9quipe Canada | Site officiel de l&#039;\u00e9quipe olympique<\/title>\n<meta name=\"robots\" content=\"index, follow, max-snippet:-1, max-image-preview:large, max-video-preview:-1\" \/>\n<link rel=\"canonical\" href=\"https:\/\/preprod.olympic.ca\/olympique\/presse\/100-athletes-participeront-a-la-finale-nationale-du-camp-des-recrues-rbc-a-ottawa\/\" \/>\n<meta property=\"og:locale\" content=\"fr_FR\" \/>\n<meta property=\"og:type\" content=\"article\" \/>\n<meta property=\"og:title\" content=\"100 athl\u00e8tes participeront \u00e0 la Finale nationale du Camp des recrues RBC \u00e0 Ottawa - \u00c9quipe Canada | Site officiel de l&#039;\u00e9quipe olympique\" \/>\n<meta property=\"og:description\" content=\"OTTAWA (11 octobre 2022) \u2013 Le samedi 22 octobre, plusieurs Olympiens canadiens seront \u00e0 Ottawa en soutien des 100 athl\u00e8tes...\" \/>\n<meta property=\"og:url\" content=\"https:\/\/preprod.olympic.ca\/olympique\/presse\/100-athletes-participeront-a-la-finale-nationale-du-camp-des-recrues-rbc-a-ottawa\/\" \/>\n<meta property=\"og:site_name\" content=\"\u00c9quipe Canada | Site officiel de l&#039;\u00e9quipe olympique\" \/>\n<meta property=\"article:modified_time\" content=\"2022-10-12T18:26:48+00:00\" \/>\n<meta property=\"og:image\" content=\"https:\/\/preprod.olympic.ca\/olympique\/wp-content\/uploads\/sites\/2\/2022\/09\/WEB_COC_AVIS-AUX-MEDIA.jpg?quality=100\" \/>\n\t<meta property=\"og:image:width\" content=\"5584\" \/>\n\t<meta property=\"og:image:height\" content=\"3143\" \/>\n\t<meta property=\"og:image:type\" content=\"image\/jpeg\" \/>\n<meta name=\"twitter:card\" content=\"summary_large_image\" \/>\n<meta name=\"twitter:label1\" content=\"Est. reading time\" \/>\n\t<meta name=\"twitter:data1\" content=\"3 minutes\" \/>\n\t<meta name=\"twitter:label2\" content=\"Written by\" \/>\n\t<meta name=\"twitter:data2\" content=\"sjsokol\" \/>\n<script type=\"application\/ld+json\" class=\"yoast-schema-graph\">{\"@context\":\"https:\\\/\\\/schema.org\",\"@graph\":[{\"@type\":\"WebPage\",\"@id\":\"https:\\\/\\\/preprod.olympic.ca\\\/olympique\\\/presse\\\/100-athletes-participeront-a-la-finale-nationale-du-camp-des-recrues-rbc-a-ottawa\\\/\",\"url\":\"https:\\\/\\\/preprod.olympic.ca\\\/olympique\\\/presse\\\/100-athletes-participeront-a-la-finale-nationale-du-camp-des-recrues-rbc-a-ottawa\\\/\",\"name\":\"100 athl\u00e8tes participeront \u00e0 la Finale nationale du Camp des recrues RBC \u00e0 Ottawa - \u00c9quipe Canada | Site officiel de l&#039;\u00e9quipe olympique\",\"isPartOf\":{\"@id\":\"https:\\\/\\\/preprod.olympic.ca\\\/olympique\\\/#website\"},\"primaryImageOfPage\":{\"@id\":\"https:\\\/\\\/preprod.olympic.ca\\\/olympique\\\/presse\\\/100-athletes-participeront-a-la-finale-nationale-du-camp-des-recrues-rbc-a-ottawa\\\/#primaryimage\"},\"image\":{\"@id\":\"https:\\\/\\\/preprod.olympic.ca\\\/olympique\\\/presse\\\/100-athletes-participeront-a-la-finale-nationale-du-camp-des-recrues-rbc-a-ottawa\\\/#primaryimage\"},\"thumbnailUrl\":\"https:\\\/\\\/preprod.olympic.ca\\\/olympique\\\/wp-content\\\/uploads\\\/sites\\\/2\\\/2022\\\/09\\\/WEB_COC_AVIS-AUX-MEDIA.jpg?quality=100\",\"datePublished\":\"2022-10-11T19:13:01+00:00\",\"dateModified\":\"2022-10-12T18:26:48+00:00\",\"inLanguage\":\"fr-FR\",\"potentialAction\":[{\"@type\":\"ReadAction\",\"target\":[\"https:\\\/\\\/preprod.olympic.ca\\\/olympique\\\/presse\\\/100-athletes-participeront-a-la-finale-nationale-du-camp-des-recrues-rbc-a-ottawa\\\/\"]}]},{\"@type\":\"ImageObject\",\"inLanguage\":\"fr-FR\",\"@id\":\"https:\\\/\\\/preprod.olympic.ca\\\/olympique\\\/presse\\\/100-athletes-participeront-a-la-finale-nationale-du-camp-des-recrues-rbc-a-ottawa\\\/#primaryimage\",\"url\":\"https:\\\/\\\/preprod.olympic.ca\\\/olympique\\\/wp-content\\\/uploads\\\/sites\\\/2\\\/2022\\\/09\\\/WEB_COC_AVIS-AUX-MEDIA.jpg?quality=100\",\"contentUrl\":\"https:\\\/\\\/preprod.olympic.ca\\\/olympique\\\/wp-content\\\/uploads\\\/sites\\\/2\\\/2022\\\/09\\\/WEB_COC_AVIS-AUX-MEDIA.jpg?quality=100\",\"width\":5584,\"height\":3143},{\"@type\":\"WebSite\",\"@id\":\"https:\\\/\\\/preprod.olympic.ca\\\/olympique\\\/#website\",\"url\":\"https:\\\/\\\/preprod.olympic.ca\\\/olympique\\\/\",\"name\":\"\u00c9quipe Canada | Site officiel de l&#039;\u00e9quipe olympique\",\"description\":\"Votre source pour l\u2019\u00c9quipe olympique canadienne. Retrouvez les r\u00e9cits, vid\u00e9os et photos des athl\u00e8tes canadiens, sports olympiques, Jeux olympiques de 2020 et bien plus!\",\"potentialAction\":[{\"@type\":\"SearchAction\",\"target\":{\"@type\":\"EntryPoint\",\"urlTemplate\":\"https:\\\/\\\/preprod.olympic.ca\\\/olympique\\\/?s={search_term_string}\"},\"query-input\":{\"@type\":\"PropertyValueSpecification\",\"valueRequired\":true,\"valueName\":\"search_term_string\"}}],\"inLanguage\":\"fr-FR\"}]}<\/script>\n<!-- \/ Yoast SEO plugin. -->","yoast_head_json":{"title":"100 athl\u00e8tes participeront \u00e0 la Finale nationale du Camp des recrues RBC \u00e0 Ottawa - \u00c9quipe Canada | Site officiel de l&#039;\u00e9quipe olympique","robots":{"index":"index","follow":"follow","max-snippet":"max-snippet:-1","max-image-preview":"max-image-preview:large","max-video-preview":"max-video-preview:-1"},"canonical":"https:\/\/preprod.olympic.ca\/olympique\/presse\/100-athletes-participeront-a-la-finale-nationale-du-camp-des-recrues-rbc-a-ottawa\/","og_locale":"fr_FR","og_type":"article","og_title":"100 athl\u00e8tes participeront \u00e0 la Finale nationale du Camp des recrues RBC \u00e0 Ottawa - \u00c9quipe Canada | Site officiel de l&#039;\u00e9quipe olympique","og_description":"OTTAWA (11 octobre 2022) \u2013 Le samedi 22 octobre, plusieurs Olympiens canadiens seront \u00e0 Ottawa en soutien des 100 athl\u00e8tes...","og_url":"https:\/\/preprod.olympic.ca\/olympique\/presse\/100-athletes-participeront-a-la-finale-nationale-du-camp-des-recrues-rbc-a-ottawa\/","og_site_name":"\u00c9quipe Canada | Site officiel de l&#039;\u00e9quipe olympique","article_modified_time":"2022-10-12T18:26:48+00:00","og_image":[{"width":5584,"height":3143,"url":"https:\/\/preprod.olympic.ca\/olympique\/wp-content\/uploads\/sites\/2\/2022\/09\/WEB_COC_AVIS-AUX-MEDIA.jpg?quality=100","type":"image\/jpeg"}],"twitter_card":"summary_large_image","twitter_misc":{"Est. reading time":"3 minutes","Written by":"sjsokol"},"schema":{"@context":"https:\/\/schema.org","@graph":[{"@type":"WebPage","@id":"https:\/\/preprod.olympic.ca\/olympique\/presse\/100-athletes-participeront-a-la-finale-nationale-du-camp-des-recrues-rbc-a-ottawa\/","url":"https:\/\/preprod.olympic.ca\/olympique\/presse\/100-athletes-participeront-a-la-finale-nationale-du-camp-des-recrues-rbc-a-ottawa\/","name":"100 athl\u00e8tes participeront \u00e0 la Finale nationale du Camp des recrues RBC \u00e0 Ottawa - \u00c9quipe Canada | Site officiel de l&#039;\u00e9quipe olympique","isPartOf":{"@id":"https:\/\/preprod.olympic.ca\/olympique\/#website"},"primaryImageOfPage":{"@id":"https:\/\/preprod.olympic.ca\/olympique\/presse\/100-athletes-participeront-a-la-finale-nationale-du-camp-des-recrues-rbc-a-ottawa\/#primaryimage"},"image":{"@id":"https:\/\/preprod.olympic.ca\/olympique\/presse\/100-athletes-participeront-a-la-finale-nationale-du-camp-des-recrues-rbc-a-ottawa\/#primaryimage"},"thumbnailUrl":"https:\/\/preprod.olympic.ca\/olympique\/wp-content\/uploads\/sites\/2\/2022\/09\/WEB_COC_AVIS-AUX-MEDIA.jpg?quality=100","datePublished":"2022-10-11T19:13:01+00:00","dateModified":"2022-10-12T18:26:48+00:00","inLanguage":"fr-FR","potentialAction":[{"@type":"ReadAction","target":["https:\/\/preprod.olympic.ca\/olympique\/presse\/100-athletes-participeront-a-la-finale-nationale-du-camp-des-recrues-rbc-a-ottawa\/"]}]},{"@type":"ImageObject","inLanguage":"fr-FR","@id":"https:\/\/preprod.olympic.ca\/olympique\/presse\/100-athletes-participeront-a-la-finale-nationale-du-camp-des-recrues-rbc-a-ottawa\/#primaryimage","url":"https:\/\/preprod.olympic.ca\/olympique\/wp-content\/uploads\/sites\/2\/2022\/09\/WEB_COC_AVIS-AUX-MEDIA.jpg?quality=100","contentUrl":"https:\/\/preprod.olympic.ca\/olympique\/wp-content\/uploads\/sites\/2\/2022\/09\/WEB_COC_AVIS-AUX-MEDIA.jpg?quality=100","width":5584,"height":3143},{"@type":"WebSite","@id":"https:\/\/preprod.olympic.ca\/olympique\/#website","url":"https:\/\/preprod.olympic.ca\/olympique\/","name":"\u00c9quipe Canada | Site officiel de l&#039;\u00e9quipe olympique","description":"Votre source pour l\u2019\u00c9quipe olympique canadienne. Retrouvez les r\u00e9cits, vid\u00e9os et photos des athl\u00e8tes canadiens, sports olympiques, Jeux olympiques de 2020 et bien plus!","potentialAction":[{"@type":"SearchAction","target":{"@type":"EntryPoint","urlTemplate":"https:\/\/preprod.olympic.ca\/olympique\/?s={search_term_string}"},"query-input":{"@type":"PropertyValueSpecification","valueRequired":true,"valueName":"search_term_string"}}],"inLanguage":"fr-FR"}]}},"jetpack_sharing_enabled":true,"_links":{"self":[{"href":"https:\/\/preprod.olympic.ca\/olympique\/wp-json\/wp\/v2\/press\/213079","targetHints":{"allow":["GET"]}}],"collection":[{"href":"https:\/\/preprod.olympic.ca\/olympique\/wp-json\/wp\/v2\/press"}],"about":[{"href":"https:\/\/preprod.olympic.ca\/olympique\/wp-json\/wp\/v2\/types\/press"}],"version-history":[{"count":2,"href":"https:\/\/preprod.olympic.ca\/olympique\/wp-json\/wp\/v2\/press\/213079\/revisions"}],"predecessor-version":[{"id":213128,"href":"https:\/\/preprod.olympic.ca\/olympique\/wp-json\/wp\/v2\/press\/213079\/revisions\/213128"}],"wp:featuredmedia":[{"embeddable":true,"href":"https:\/\/preprod.olympic.ca\/olympique\/wp-json\/wp\/v2\/media\/212136"}],"wp:attachment":[{"href":"https:\/\/preprod.olympic.ca\/olympique\/wp-json\/wp\/v2\/media?parent=213079"}],"wp:term":[{"taxonomy":"post_tag","embeddable":true,"href":"https:\/\/preprod.olympic.ca\/olympique\/wp-json\/wp\/v2\/tags?post=213079"},{"taxonomy":"type-of-press","embeddable":true,"href":"https:\/\/preprod.olympic.ca\/olympique\/wp-json\/wp\/v2\/type-of-press?post=213079"},{"taxonomy":"press-topic","embeddable":true,"href":"https:\/\/preprod.olympic.ca\/olympique\/wp-json\/wp\/v2\/press-topic?post=213079"},{"taxonomy":"years","embeddable":true,"href":"https:\/\/preprod.olympic.ca\/olympique\/wp-json\/wp\/v2\/years?post=213079"}],"curies":[{"name":"wp","href":"https:\/\/api.w.org\/{rel}","templated":true}]}}