{"id":246640,"date":"2024-06-17T15:00:00","date_gmt":"2024-06-17T19:00:00","guid":{"rendered":""},"modified":"2024-06-17T17:18:33","modified_gmt":"2024-06-17T21:18:33","slug":"les-deux-premiers-athletes-canadiens-nommes-au-sein-de-lequipe-de-golf-pour-paris-2024","status":"publish","type":"press","link":"https:\/\/preprod.olympic.ca\/olympique\/presse\/les-deux-premiers-athletes-canadiens-nommes-au-sein-de-lequipe-de-golf-pour-paris-2024\/","title":{"rendered":"Les deux premiers athl\u00e8tes canadiens nomm\u00e9s au sein de l\u2019\u00e9quipe de golf pour Paris 2024"},"content":{"rendered":"\n<p>TORONTO (17 juin 2024) &#8211; Golf Canada et le Comit\u00e9 olympique canadien ont annonc\u00e9 l\u2019identit\u00e9 des athl\u00e8tes masculins de golf nomm\u00e9s au sein d\u2019\u00c9quipe Canada pour comp\u00e9titionner aux Jeux olympiques de 2024 \u00e0 Paris. Les athl\u00e8tes f\u00e9minines de golf seront d\u00e9voil\u00e9es \u00e0 une date ult\u00e9rieure. Les deux athl\u00e8tes masculins sont :<br><br><a href=\"https:\/\/olympique.ca\/equipe-canada\/corey-conners\/\" target=\"_blank\" rel=\"noreferrer noopener\">Corey Conners<\/a> (Listowel, ON)<br><a href=\"https:\/\/olympique.ca\/?post_type=athletes&amp;p=246479\" target=\"_blank\" rel=\"noreferrer noopener\">Nick Taylor<\/a> (Abbotsford, C.-B.)<\/p>\n\n\n\n<p>Les deux athl\u00e8tes se sont qualifi\u00e9s pour faire partie d\u2019\u00c9quipe Canada gr\u00e2ce au rang qu\u2019ils occupaient respectivement au Classement mondial officiel de golf au terme de la p\u00e9riode de qualification olympique suivant la fin de l\u2019US Open, le dimanche 16 juin 2024. \u00c0 la fin de la p\u00e9riode de qualification chez les hommes pour Paris 2024, Taylor occupe le 35e rang du Classement mondial officiel de golf alors que Conners se retrouve au 37e.<\/p>\n\n\n\n<p>Les deux ann\u00e9es de p\u00e9riode de qualification olympique du golf masculin ont donn\u00e9 lieu \u00e0 une comp\u00e9tition passionnante entre les golfeurs les mieux class\u00e9s au Canada. Le niveau d\u2019intensit\u00e9 a augment\u00e9 au cours des derni\u00e8res semaines alors que les athl\u00e8tes ont cherch\u00e9 \u00e0 m\u00e9riter leur place au sein d\u2019\u00c9quipe Canada gr\u00e2ce \u00e0 leurs r\u00e9sultats respectifs sur le circuit de la PGA et d\u2019autres comp\u00e9titions internationales de golf.<br><br>Taylor fera ses d\u00e9buts olympiques \u00e0 Paris 2024. Le golfeur de 36 ans a triomph\u00e9 \u00e0 quatre reprises sur le circuit de la PGA, dont une victoire historique \u00e0 l\u2019Omnium Canadien RBC 2023 o\u00f9 il est devenu le premier Canadien en pr\u00e8s de 70 ans \u00e0 remporter le Championnat national ouvert de golf masculin du Canada. Gr\u00e2ce \u00e0 cette victoire, il est maintenant le seul golfeur canadien \u00e0 avoir remport\u00e9 le Championnat canadien junior (2006), le Championnat canadien amateur (2007) et l\u2019Omnium Canadien (2023). Taylor est dipl\u00f4m\u00e9 du programme de l\u2019\u00e9quipe nationale de Golf Canada et il a repr\u00e9sent\u00e9 le Canada au Championnat du monde amateur par \u00e9quipes (2008) et \u00e0 la Coupe du monde (2018). Au cours de la saison 2024, Taylor a termin\u00e9 \u00e0 trois reprises parmi les 10 meilleurs, remportant notamment la victoire \u00e0 l\u2019Open WM de Phoenix 2024 pour confirmer sa place au sein de l\u2019\u00c9quipe olympique.<\/p>\n\n\n\n<p>\u00ab La possibilit\u00e9 de repr\u00e9senter mon pays aux Olympiques est un objectif que je cultive depuis plusieurs ann\u00e9es, a d\u00e9clar\u00e9 Taylor. En voyant la nouvelle annonc\u00e9e officiellement aujourd\u2019hui, je me sens \u00e0 la fois tr\u00e8s humble et comme dans un r\u00eave. Je suis excit\u00e9 d\u2019aller \u00e0 Paris pour comp\u00e9titionner en portant fi\u00e8rement la feuille d\u2019\u00e9rable et pour m\u2019impr\u00e9gner de ce qui sera une exp\u00e9rience incroyable. \u00bb<\/p>\n\n\n\n<p>Conners participera aux Jeux olympiques pour la deuxi\u00e8me fois, lui qui a termin\u00e9 13e aux Jeux olympiques de 2020 \u00e0 Tokyo. Terminant en 9e position du classement g\u00e9n\u00e9ral au US Open le weekend dernier, le golfeur de 32 ans a grimp\u00e9 de neuf positions au Classement mondial officiel de golf s\u2019assurant ainsi une place pour Paris 2024. Deux fois vainqueur sur le circuit de la PGA (2019 et 2023 \u00e0 l\u2019Open Valero au Texas), il a termin\u00e9&nbsp; parmi les 25 meilleurs \u00e0 neuf reprises cette saison, dont une sixi\u00e8me place \u00e0 l\u2019Omnium Canadien RBC 2024. Autre dipl\u00f4m\u00e9 du programme de l\u2019\u00e9quipe nationale de Golf Canada et ancien membre de l\u2019\u00e9quipe internationale de la Coupe des pr\u00e9sidents (2022), Conners a repr\u00e9sent\u00e9 le Canada \u00e0 de nombreuses occasions, notamment au Championnat du monde amateur par \u00e9quipes en 2012 et 2014.&nbsp;<\/p>\n\n\n\n<p>\u00ab Ce sera un immense honneur de repr\u00e9senter le Canada aux c\u00f4t\u00e9s de tous les autres athl\u00e8tes, a soulign\u00e9 Conners. C\u2019\u00e9tait un objectif important pour moi d\u2019\u00eatre dans l\u2019\u00e9quipe cette ann\u00e9e encore et j\u2019ai tr\u00e8s h\u00e2te d\u2019aller \u00e0 Paris. \u00bb<\/p>\n\n\n\n<p>Taylor et Conners tenteront de devenir les premiers Canadiens \u00e0 remporter une m\u00e9daille olympique en golf depuis la m\u00e9daille d\u2019or de George Lyon \u00e0 Saint-Louis 1904. Les meilleurs r\u00e9sultats du Canada en golf masculin depuis le retour du sport aux Jeux olympiques en 2016 ont \u00e9t\u00e9 la 13e place de Conners (Tokyo 2020) et la 20e place de Graham DeLaet (Rio 2016).<\/p>\n\n\n\n<p>La directrice de la haute performance de Golf Canada, Emily Phoenix, a f\u00e9licit\u00e9 les athl\u00e8tes pour leur r\u00e9silience tout au long de la p\u00e9riode de qualification afin que leurs r\u00eaves olympiques deviennent r\u00e9alit\u00e9.<\/p>\n\n\n\n<p>\u00ab\u2009Nick et Corey ainsi que tous les joueurs canadiens ont fait preuve d\u2019une grande pers\u00e9v\u00e9rance tout au long de la p\u00e9riode de qualification t\u00e9moignant de l\u2019importance de repr\u00e9senter le Canada aux Jeux olympiques pour ces athl\u00e8tes. La profondeur du talent canadien dans les rangs professionnels est impressionnante \u00e0 l\u2019heure actuelle et nous avons h\u00e2te d\u2019envoyer une \u00e9quipe solide pour repr\u00e9senter le Canada \u00e0 Paris. \u00bb<\/p>\n\n\n\n<p>Le tournoi de golf masculin de Paris 2024 se d\u00e9roulera du 1er au 4 ao\u00fbt (Jour 6 \u00e0 9) au Golf National.<br><br>\u00ab F\u00e9licitations \u00e0 nos deux golfeurs d\u2019\u00c9quipe Canada qui sont parfaitement dans le swing pour les Jeux olympiques de 2024 \u00e0 Paris! Gr\u00e2ce \u00e0 leur pr\u00e9paration minutieuse, ces athl\u00e8tes attaquent les d\u00e9fis avec un drive impressionnant. Leur patience et ma\u00eetrise technique ainsi que leur calme sous pression les placent au sommet de leur performance. Ils d\u00e9montrent que le travail appliqu\u00e9 et la passion m\u00e8nent \u00e0 la r\u00e9alisation de nos r\u00eaves \u00bb, rapporte Bruny Surin, chef de mission d\u2019\u00c9quipe Canada pour les Jeux olympiques de 2024 \u00e0 Paris.<\/p>\n\n\n\n<p>L\u2019\u00e9quipe masculine de golf d\u2019\u00c9quipe Canada pour les Jeux olympiques de 2024 \u00e0 Paris comprend aussi les cadets et le personnel de soutien suivant :<\/p>\n\n\n\n<p><strong>Cadets et personnel de soutien<\/strong><strong><br><\/strong>Emily Phoenix (Calgary, AB) \u2013 Chef d\u2019\u00e9quipe<br>David Markle (Shelburne, ON) \u2013 Cadet pour Nick Taylor<br>Danny Sahl, (Sherwood, AB) \u2013 Cadet pour Corey Conners&nbsp;<\/p>\n\n\n\n<p>La p\u00e9riode de qualification pour la s\u00e9lection des deux athl\u00e8tes f\u00e9minines d\u2019\u00c9quipe Canada pour le tournoi de golf des Jeux olympiques de 2024 \u00e0 Paris prend fin le dimanche 23 juin.<\/p>\n\n\n\n<p>Avant d\u2019\u00eatre confirm\u00e9s comme membres d\u2019\u00c9quipe Canada, tous les athl\u00e8tes nomm\u00e9s sont soumis \u00e0 l\u2019approbation du comit\u00e9 de s\u00e9lection de l\u2019\u00e9quipe du Comit\u00e9 olympique canadien, une fois que toutes les nominations ont \u00e9t\u00e9 re\u00e7ues des organismes nationaux de sport.<br><br>Vous pouvez consulter la liste mise \u00e0 jour de la formation d\u2019\u00c9quipe Canada pour Paris 2024 en cliquant<a href=\"https:\/\/olympique.ca\/composition-dequipe-canada\/\" target=\"_blank\" rel=\"noreferrer noopener\"> ici<\/a>. <\/p>\n\n\n\n<p class=\"has-text-align-center\">-30-<\/p>\n\n\n\n<p>CONTACTS POUR LES M\u00c9DIAS<\/p>\n\n\n\n<p>Dan Pino, directeur principal des communications<br>Golf Canada<br>Cell. : 416-434-5525<br>Courriel : <a href=\"mailto:dpino@golfcanada.ca\" target=\"_blank\" rel=\"noreferrer noopener\">dpino@golfcanada.ca<\/a><\/p>\n\n\n\n<p>Tara MacBournie, gestionnaire de programme, communications sports<br>Comit\u00e9 olympique canadien<br>Cell. : 647-522-8328<br>Courriel : <a href=\"mailto:tmacbournie@olympique.ca\">tmacbournie@olympique.ca<\/a><\/p>\n","protected":false},"excerpt":{"rendered":"<p>TORONTO (17 juin 2024) &#8211; Golf Canada et le Comit\u00e9 olympique canadien ont annonc\u00e9 l\u2019identit\u00e9 des athl\u00e8tes masculins de golf&#8230;<\/p>\n","protected":false},"featured_media":246613,"template":"","format":"standard","tags":[],"type-of-press":[496138],"press-topic":[682165168],"years":[682166484],"class_list":["post-246640","press","type-press","status-publish","format-standard","has-post-thumbnail","hentry","type-of-press-communiques","press-topic-paris-2024","years-682166484"],"acf":[],"yoast_head":"<!-- This site is optimized with the Yoast SEO plugin v27.3 - https:\/\/yoast.com\/product\/yoast-seo-wordpress\/ -->\n<title>Les deux premiers athl\u00e8tes canadiens nomm\u00e9s au sein de l\u2019\u00e9quipe de golf pour Paris 2024 - \u00c9quipe Canada | Site officiel de l&#039;\u00e9quipe olympique<\/title>\n<meta name=\"description\" content=\"Golf Canada et le Comit\u00e9 olympique canadien ont annonc\u00e9 l\u2019identit\u00e9 des athl\u00e8tes masculins de golf nomm\u00e9s au sein d\u2019\u00c9quipe Canada pour comp\u00e9titionner aux Jeux olympiques de 2024 \u00e0 Paris. Les athl\u00e8tes f\u00e9minines de golf seront d\u00e9voil\u00e9es \u00e0 une date ult\u00e9rieure. Les deux athl\u00e8tes masculins sont :\" \/>\n<meta name=\"robots\" content=\"index, follow, max-snippet:-1, max-image-preview:large, max-video-preview:-1\" \/>\n<link rel=\"canonical\" href=\"https:\/\/preprod.olympic.ca\/olympique\/presse\/les-deux-premiers-athletes-canadiens-nommes-au-sein-de-lequipe-de-golf-pour-paris-2024\/\" \/>\n<meta property=\"og:locale\" content=\"fr_FR\" \/>\n<meta property=\"og:type\" content=\"article\" \/>\n<meta property=\"og:title\" content=\"Les deux premiers athl\u00e8tes canadiens nomm\u00e9s au sein de l\u2019\u00e9quipe de golf pour Paris 2024 - \u00c9quipe Canada | Site officiel de l&#039;\u00e9quipe olympique\" \/>\n<meta property=\"og:description\" content=\"Golf Canada et le Comit\u00e9 olympique canadien ont annonc\u00e9 l\u2019identit\u00e9 des athl\u00e8tes masculins de golf nomm\u00e9s au sein d\u2019\u00c9quipe Canada pour comp\u00e9titionner aux Jeux olympiques de 2024 \u00e0 Paris. Les athl\u00e8tes f\u00e9minines de golf seront d\u00e9voil\u00e9es \u00e0 une date ult\u00e9rieure. Les deux athl\u00e8tes masculins sont :\" \/>\n<meta property=\"og:url\" content=\"https:\/\/preprod.olympic.ca\/olympique\/presse\/les-deux-premiers-athletes-canadiens-nommes-au-sein-de-lequipe-de-golf-pour-paris-2024\/\" \/>\n<meta property=\"og:site_name\" content=\"\u00c9quipe Canada | Site officiel de l&#039;\u00e9quipe olympique\" \/>\n<meta property=\"article:modified_time\" content=\"2024-06-17T21:18:33+00:00\" \/>\n<meta name=\"twitter:card\" content=\"summary_large_image\" \/>\n<meta name=\"twitter:image\" content=\"https:\/\/preprod.olympic.ca\/olympique\/wp-content\/uploads\/sites\/2\/2024\/06\/FEATURE-IMAGE_2.png\" \/>\n<meta name=\"twitter:label1\" content=\"Est. reading time\" \/>\n\t<meta name=\"twitter:data1\" content=\"6 minutes\" \/>\n\t<meta name=\"twitter:label2\" content=\"Written by\" \/>\n\t<meta name=\"twitter:data2\" content=\"tmacbournieolympicca\" \/>\n<script type=\"application\/ld+json\" class=\"yoast-schema-graph\">{\"@context\":\"https:\\\/\\\/schema.org\",\"@graph\":[{\"@type\":\"WebPage\",\"@id\":\"https:\\\/\\\/preprod.olympic.ca\\\/olympique\\\/presse\\\/les-deux-premiers-athletes-canadiens-nommes-au-sein-de-lequipe-de-golf-pour-paris-2024\\\/\",\"url\":\"https:\\\/\\\/preprod.olympic.ca\\\/olympique\\\/presse\\\/les-deux-premiers-athletes-canadiens-nommes-au-sein-de-lequipe-de-golf-pour-paris-2024\\\/\",\"name\":\"Les deux premiers athl\u00e8tes canadiens nomm\u00e9s au sein de l\u2019\u00e9quipe de golf pour Paris 2024 - \u00c9quipe Canada | Site officiel de l&#039;\u00e9quipe olympique\",\"isPartOf\":{\"@id\":\"https:\\\/\\\/preprod.olympic.ca\\\/olympique\\\/#website\"},\"primaryImageOfPage\":{\"@id\":\"https:\\\/\\\/preprod.olympic.ca\\\/olympique\\\/presse\\\/les-deux-premiers-athletes-canadiens-nommes-au-sein-de-lequipe-de-golf-pour-paris-2024\\\/#primaryimage\"},\"image\":{\"@id\":\"https:\\\/\\\/preprod.olympic.ca\\\/olympique\\\/presse\\\/les-deux-premiers-athletes-canadiens-nommes-au-sein-de-lequipe-de-golf-pour-paris-2024\\\/#primaryimage\"},\"thumbnailUrl\":\"https:\\\/\\\/preprod.olympic.ca\\\/olympique\\\/wp-content\\\/uploads\\\/sites\\\/2\\\/2024\\\/06\\\/FEATURE-IMAGE_2.png\",\"datePublished\":\"2024-06-17T19:00:00+00:00\",\"dateModified\":\"2024-06-17T21:18:33+00:00\",\"description\":\"Golf Canada et le Comit\u00e9 olympique canadien ont annonc\u00e9 l\u2019identit\u00e9 des athl\u00e8tes masculins de golf nomm\u00e9s au sein d\u2019\u00c9quipe Canada pour comp\u00e9titionner aux Jeux olympiques de 2024 \u00e0 Paris. Les athl\u00e8tes f\u00e9minines de golf seront d\u00e9voil\u00e9es \u00e0 une date ult\u00e9rieure. Les deux athl\u00e8tes masculins sont :\",\"inLanguage\":\"fr-FR\",\"potentialAction\":[{\"@type\":\"ReadAction\",\"target\":[\"https:\\\/\\\/preprod.olympic.ca\\\/olympique\\\/presse\\\/les-deux-premiers-athletes-canadiens-nommes-au-sein-de-lequipe-de-golf-pour-paris-2024\\\/\"]}]},{\"@type\":\"ImageObject\",\"inLanguage\":\"fr-FR\",\"@id\":\"https:\\\/\\\/preprod.olympic.ca\\\/olympique\\\/presse\\\/les-deux-premiers-athletes-canadiens-nommes-au-sein-de-lequipe-de-golf-pour-paris-2024\\\/#primaryimage\",\"url\":\"https:\\\/\\\/preprod.olympic.ca\\\/olympique\\\/wp-content\\\/uploads\\\/sites\\\/2\\\/2024\\\/06\\\/FEATURE-IMAGE_2.png\",\"contentUrl\":\"https:\\\/\\\/preprod.olympic.ca\\\/olympique\\\/wp-content\\\/uploads\\\/sites\\\/2\\\/2024\\\/06\\\/FEATURE-IMAGE_2.png\",\"width\":2048,\"height\":1157,\"caption\":\"Montage photo avec Corey Conners.\"},{\"@type\":\"WebSite\",\"@id\":\"https:\\\/\\\/preprod.olympic.ca\\\/olympique\\\/#website\",\"url\":\"https:\\\/\\\/preprod.olympic.ca\\\/olympique\\\/\",\"name\":\"\u00c9quipe Canada | Site officiel de l&#039;\u00e9quipe olympique\",\"description\":\"Votre source pour l\u2019\u00c9quipe olympique canadienne. Retrouvez les r\u00e9cits, vid\u00e9os et photos des athl\u00e8tes canadiens, sports olympiques, Jeux olympiques de 2020 et bien plus!\",\"potentialAction\":[{\"@type\":\"SearchAction\",\"target\":{\"@type\":\"EntryPoint\",\"urlTemplate\":\"https:\\\/\\\/preprod.olympic.ca\\\/olympique\\\/?s={search_term_string}\"},\"query-input\":{\"@type\":\"PropertyValueSpecification\",\"valueRequired\":true,\"valueName\":\"search_term_string\"}}],\"inLanguage\":\"fr-FR\"}]}<\/script>\n<!-- \/ Yoast SEO plugin. -->","yoast_head_json":{"title":"Les deux premiers athl\u00e8tes canadiens nomm\u00e9s au sein de l\u2019\u00e9quipe de golf pour Paris 2024 - \u00c9quipe Canada | Site officiel de l&#039;\u00e9quipe olympique","description":"Golf Canada et le Comit\u00e9 olympique canadien ont annonc\u00e9 l\u2019identit\u00e9 des athl\u00e8tes masculins de golf nomm\u00e9s au sein d\u2019\u00c9quipe Canada pour comp\u00e9titionner aux Jeux olympiques de 2024 \u00e0 Paris. Les athl\u00e8tes f\u00e9minines de golf seront d\u00e9voil\u00e9es \u00e0 une date ult\u00e9rieure. Les deux athl\u00e8tes masculins sont :","robots":{"index":"index","follow":"follow","max-snippet":"max-snippet:-1","max-image-preview":"max-image-preview:large","max-video-preview":"max-video-preview:-1"},"canonical":"https:\/\/preprod.olympic.ca\/olympique\/presse\/les-deux-premiers-athletes-canadiens-nommes-au-sein-de-lequipe-de-golf-pour-paris-2024\/","og_locale":"fr_FR","og_type":"article","og_title":"Les deux premiers athl\u00e8tes canadiens nomm\u00e9s au sein de l\u2019\u00e9quipe de golf pour Paris 2024 - \u00c9quipe Canada | Site officiel de l&#039;\u00e9quipe olympique","og_description":"Golf Canada et le Comit\u00e9 olympique canadien ont annonc\u00e9 l\u2019identit\u00e9 des athl\u00e8tes masculins de golf nomm\u00e9s au sein d\u2019\u00c9quipe Canada pour comp\u00e9titionner aux Jeux olympiques de 2024 \u00e0 Paris. Les athl\u00e8tes f\u00e9minines de golf seront d\u00e9voil\u00e9es \u00e0 une date ult\u00e9rieure. Les deux athl\u00e8tes masculins sont :","og_url":"https:\/\/preprod.olympic.ca\/olympique\/presse\/les-deux-premiers-athletes-canadiens-nommes-au-sein-de-lequipe-de-golf-pour-paris-2024\/","og_site_name":"\u00c9quipe Canada | Site officiel de l&#039;\u00e9quipe olympique","article_modified_time":"2024-06-17T21:18:33+00:00","twitter_card":"summary_large_image","twitter_image":"https:\/\/preprod.olympic.ca\/olympique\/wp-content\/uploads\/sites\/2\/2024\/06\/FEATURE-IMAGE_2.png","twitter_misc":{"Est. reading time":"6 minutes","Written by":"tmacbournieolympicca"},"schema":{"@context":"https:\/\/schema.org","@graph":[{"@type":"WebPage","@id":"https:\/\/preprod.olympic.ca\/olympique\/presse\/les-deux-premiers-athletes-canadiens-nommes-au-sein-de-lequipe-de-golf-pour-paris-2024\/","url":"https:\/\/preprod.olympic.ca\/olympique\/presse\/les-deux-premiers-athletes-canadiens-nommes-au-sein-de-lequipe-de-golf-pour-paris-2024\/","name":"Les deux premiers athl\u00e8tes canadiens nomm\u00e9s au sein de l\u2019\u00e9quipe de golf pour Paris 2024 - \u00c9quipe Canada | Site officiel de l&#039;\u00e9quipe olympique","isPartOf":{"@id":"https:\/\/preprod.olympic.ca\/olympique\/#website"},"primaryImageOfPage":{"@id":"https:\/\/preprod.olympic.ca\/olympique\/presse\/les-deux-premiers-athletes-canadiens-nommes-au-sein-de-lequipe-de-golf-pour-paris-2024\/#primaryimage"},"image":{"@id":"https:\/\/preprod.olympic.ca\/olympique\/presse\/les-deux-premiers-athletes-canadiens-nommes-au-sein-de-lequipe-de-golf-pour-paris-2024\/#primaryimage"},"thumbnailUrl":"https:\/\/preprod.olympic.ca\/olympique\/wp-content\/uploads\/sites\/2\/2024\/06\/FEATURE-IMAGE_2.png","datePublished":"2024-06-17T19:00:00+00:00","dateModified":"2024-06-17T21:18:33+00:00","description":"Golf Canada et le Comit\u00e9 olympique canadien ont annonc\u00e9 l\u2019identit\u00e9 des athl\u00e8tes masculins de golf nomm\u00e9s au sein d\u2019\u00c9quipe Canada pour comp\u00e9titionner aux Jeux olympiques de 2024 \u00e0 Paris. Les athl\u00e8tes f\u00e9minines de golf seront d\u00e9voil\u00e9es \u00e0 une date ult\u00e9rieure. Les deux athl\u00e8tes masculins sont :","inLanguage":"fr-FR","potentialAction":[{"@type":"ReadAction","target":["https:\/\/preprod.olympic.ca\/olympique\/presse\/les-deux-premiers-athletes-canadiens-nommes-au-sein-de-lequipe-de-golf-pour-paris-2024\/"]}]},{"@type":"ImageObject","inLanguage":"fr-FR","@id":"https:\/\/preprod.olympic.ca\/olympique\/presse\/les-deux-premiers-athletes-canadiens-nommes-au-sein-de-lequipe-de-golf-pour-paris-2024\/#primaryimage","url":"https:\/\/preprod.olympic.ca\/olympique\/wp-content\/uploads\/sites\/2\/2024\/06\/FEATURE-IMAGE_2.png","contentUrl":"https:\/\/preprod.olympic.ca\/olympique\/wp-content\/uploads\/sites\/2\/2024\/06\/FEATURE-IMAGE_2.png","width":2048,"height":1157,"caption":"Montage photo avec Corey Conners."},{"@type":"WebSite","@id":"https:\/\/preprod.olympic.ca\/olympique\/#website","url":"https:\/\/preprod.olympic.ca\/olympique\/","name":"\u00c9quipe Canada | Site officiel de l&#039;\u00e9quipe olympique","description":"Votre source pour l\u2019\u00c9quipe olympique canadienne. Retrouvez les r\u00e9cits, vid\u00e9os et photos des athl\u00e8tes canadiens, sports olympiques, Jeux olympiques de 2020 et bien plus!","potentialAction":[{"@type":"SearchAction","target":{"@type":"EntryPoint","urlTemplate":"https:\/\/preprod.olympic.ca\/olympique\/?s={search_term_string}"},"query-input":{"@type":"PropertyValueSpecification","valueRequired":true,"valueName":"search_term_string"}}],"inLanguage":"fr-FR"}]}},"jetpack_sharing_enabled":true,"_links":{"self":[{"href":"https:\/\/preprod.olympic.ca\/olympique\/wp-json\/wp\/v2\/press\/246640","targetHints":{"allow":["GET"]}}],"collection":[{"href":"https:\/\/preprod.olympic.ca\/olympique\/wp-json\/wp\/v2\/press"}],"about":[{"href":"https:\/\/preprod.olympic.ca\/olympique\/wp-json\/wp\/v2\/types\/press"}],"version-history":[{"count":8,"href":"https:\/\/preprod.olympic.ca\/olympique\/wp-json\/wp\/v2\/press\/246640\/revisions"}],"predecessor-version":[{"id":246730,"href":"https:\/\/preprod.olympic.ca\/olympique\/wp-json\/wp\/v2\/press\/246640\/revisions\/246730"}],"wp:featuredmedia":[{"embeddable":true,"href":"https:\/\/preprod.olympic.ca\/olympique\/wp-json\/wp\/v2\/media\/246613"}],"wp:attachment":[{"href":"https:\/\/preprod.olympic.ca\/olympique\/wp-json\/wp\/v2\/media?parent=246640"}],"wp:term":[{"taxonomy":"post_tag","embeddable":true,"href":"https:\/\/preprod.olympic.ca\/olympique\/wp-json\/wp\/v2\/tags?post=246640"},{"taxonomy":"type-of-press","embeddable":true,"href":"https:\/\/preprod.olympic.ca\/olympique\/wp-json\/wp\/v2\/type-of-press?post=246640"},{"taxonomy":"press-topic","embeddable":true,"href":"https:\/\/preprod.olympic.ca\/olympique\/wp-json\/wp\/v2\/press-topic?post=246640"},{"taxonomy":"years","embeddable":true,"href":"https:\/\/preprod.olympic.ca\/olympique\/wp-json\/wp\/v2\/years?post=246640"}],"curies":[{"name":"wp","href":"https:\/\/api.w.org\/{rel}","templated":true}]}}