{"id":72831,"date":"2009-07-13T16:30:38","date_gmt":"2009-07-13T20:30:38","guid":{"rendered":"http:\/\/preprod.olympic.ca\/?p=2253"},"modified":"2009-07-13T16:30:38","modified_gmt":"2009-07-13T20:30:38","slug":"breves-sportives-les-nageurs-font-des-vagues-et-battent-des-records-a-montreal","status":"publish","type":"press","link":"https:\/\/preprod.olympic.ca\/olympique\/presse\/breves-sportives-les-nageurs-font-des-vagues-et-battent-des-records-a-montreal\/","title":{"rendered":"Br\u00e8ves sportives : Les nageurs font des vagues et battent des records \u00e0 Montr\u00e9al"},"content":{"rendered":"<p>Plusieurs des talents aquatiques du pays ont \u00e9t\u00e9 d\u00e9ploy\u00e9s aux Championnats canadiens de natation. Natation Canada pr\u00e9sentera donc une \u00e9quipe solide contre les meilleurs nageurs au monde aux Championnats du monde qui se d\u00e9rouleront du 19 juillet au 2 ao\u00fbt \u00e0 Rome.<\/p>\n<p>Le plus grand exploit a sans doute \u00e9t\u00e9 le fait de la nageuse de 15 ans, Amanda Reason. Reason a bris\u00e9 le record du monde de l\u2019\u00e9preuve f\u00e9minine du 50 m\u00e8tres brasse avec la premi\u00e8re marque mondiale du Canada en grand bassin depuis 21 ans. Avec son chrono de 30,23 secondes, elle a battu le record du monde de 30,31. La nageuse originaire d\u2019Etobicoke, en Ontario a imm\u00e9diatement fait les grands titres des journaux partout au Canada.<\/p>\n<p>Annamay Pierse d\u2019Edmonton a prouv\u00e9 qu\u2019elle est une concurrente solide \u00e0 la brasse. Pierse a presque \u00e9tabli deux records du monde \u00e0 Montr\u00e9al. Elle a \u00e9tabli de nouveaux records canadiens aux \u00e9preuves de 100 m\u00e8tres et de 200 m\u00e8tres brasse et a rat\u00e9 le record du monde par 0,65 seconde et 0,49 seconde respectivement. Dans les deux cas, elle a battu le record qu\u2019elle avait elle-m\u00eame \u00e9tabli.<\/p>\n<p>Deux nouveaux records nationaux ont \u00e9t\u00e9 \u00e9tablis dans les \u00e9preuves masculines et f\u00e9minines du 50 m\u00e8tres nage libre. Le Vancouv\u00e9rois Brent Hayden a bris\u00e9 sa propre marque et a termin\u00e9 l\u2019\u00e9preuve en 21,94 secondes (c\u2019est le premier Canadien \u00e0 avoir franchi la barri\u00e8re de 22 secondes) tandis que Victoria Poon a ravi son public en abaissant le record canadien qu\u2019elle avait elle-m\u00eame fix\u00e9 \u00e0 25,12 secondes.<\/p>\n<p>Pascal Wollach, de Calgary, a fait des vagues en brisant le record du 100 m\u00e8tres dos \u00e9tabli par nul autre que le l\u00e9gendaire nageur Mark Tewksbury. Aux Jeux olympiques de 1992, Tewksbury a arr\u00eat\u00e9 le chrono \u00e0 53,98 secondes. Il y a quelques jours, Wollach a touch\u00e9 le mur en 53,63 secondes. Wollach n\u2019a pas ralenti le rythme au 50 m\u00e8tres dos et \u00e9tabli une nouvelle marque nationale de 25,37 secondes.<\/p>\n<p>Scott Dickens de Vancouver a \u00e9t\u00e9 une force dans la comp\u00e9tition masculine de brasse. Il a remport\u00e9 les \u00e9preuves de 50 m\u00e8tres, 100 m\u00e8tres et 200 m\u00e8tres brasse. Dans les deux premi\u00e8res \u00e9preuves, il a \u00e9tabli un nouveau record canadien. Heather MacLean (Etobicoke, Ont.) a abaiss\u00e9 la marque canadienne au 200 m\u00e8tres nage libre \u00e0 1:57.20; elle \u00e9tait auparavant de 1:58.00. Kendra Chernoff, de Saskatoon, a \u00e9tabli un nouveau record canadien au 100 m\u00e8tres papillon avec un chrono de 58,70 secondes. Le Vancouv\u00e9rois Matt Hawes a \u00e9tabli un nouveau record canadien au 200 m\u00e8tres dos avec un temps de 1:57.34.<\/p>\n<p>L\u2019\u00e9quipe canadienne qui participera aux Championnats du monde est maintenant compl\u00e8te et compte 32 nageurs. \u00c0 Montr\u00e9al, 13 nouveaux records canadiens ont \u00e9t\u00e9 \u00e9tablis.<\/p>\n","protected":false},"excerpt":{"rendered":"<p>Plusieurs des talents aquatiques du pays ont \u00e9t\u00e9 d\u00e9ploy\u00e9s aux Championnats canadiens de natation. Natation Canada pr\u00e9sentera donc une \u00e9quipe&#8230;<\/p>\n","protected":false},"featured_media":0,"template":"","format":"standard","tags":[],"type-of-press":[],"press-topic":[],"years":[],"class_list":["post-72831","press","type-press","status-publish","format-standard","hentry"],"acf":[],"yoast_head":"<!-- This site is optimized with the Yoast SEO plugin v27.3 - https:\/\/yoast.com\/product\/yoast-seo-wordpress\/ -->\n<title>Br\u00e8ves sportives : Les nageurs font des vagues et battent des records \u00e0 Montr\u00e9al - \u00c9quipe Canada | Site officiel de l&#039;\u00e9quipe olympique<\/title>\n<meta name=\"robots\" content=\"index, follow, max-snippet:-1, max-image-preview:large, max-video-preview:-1\" \/>\n<link rel=\"canonical\" href=\"https:\/\/preprod.olympic.ca\/olympique\/presse\/breves-sportives-les-nageurs-font-des-vagues-et-battent-des-records-a-montreal\/\" \/>\n<meta property=\"og:locale\" content=\"fr_FR\" \/>\n<meta property=\"og:type\" content=\"article\" \/>\n<meta property=\"og:title\" content=\"Br\u00e8ves sportives : Les nageurs font des vagues et battent des records \u00e0 Montr\u00e9al - \u00c9quipe Canada | Site officiel de l&#039;\u00e9quipe olympique\" \/>\n<meta property=\"og:description\" content=\"Plusieurs des talents aquatiques du pays ont \u00e9t\u00e9 d\u00e9ploy\u00e9s aux Championnats canadiens de natation. Natation Canada pr\u00e9sentera donc une \u00e9quipe...\" \/>\n<meta property=\"og:url\" content=\"https:\/\/preprod.olympic.ca\/olympique\/presse\/breves-sportives-les-nageurs-font-des-vagues-et-battent-des-records-a-montreal\/\" \/>\n<meta property=\"og:site_name\" content=\"\u00c9quipe Canada | Site officiel de l&#039;\u00e9quipe olympique\" \/>\n<meta name=\"twitter:card\" content=\"summary_large_image\" \/>\n<meta name=\"twitter:label1\" content=\"Est. reading time\" \/>\n\t<meta name=\"twitter:data1\" content=\"2 minutes\" \/>\n\t<meta name=\"twitter:label2\" content=\"Written by\" \/>\n\t<meta name=\"twitter:data2\" content=\"Mark Nadolny\" \/>\n<script type=\"application\/ld+json\" class=\"yoast-schema-graph\">{\"@context\":\"https:\\\/\\\/schema.org\",\"@graph\":[{\"@type\":\"WebPage\",\"@id\":\"https:\\\/\\\/preprod.olympic.ca\\\/olympique\\\/presse\\\/breves-sportives-les-nageurs-font-des-vagues-et-battent-des-records-a-montreal\\\/\",\"url\":\"https:\\\/\\\/preprod.olympic.ca\\\/olympique\\\/presse\\\/breves-sportives-les-nageurs-font-des-vagues-et-battent-des-records-a-montreal\\\/\",\"name\":\"Br\u00e8ves sportives : Les nageurs font des vagues et battent des records \u00e0 Montr\u00e9al - \u00c9quipe Canada | Site officiel de l&#039;\u00e9quipe olympique\",\"isPartOf\":{\"@id\":\"https:\\\/\\\/preprod.olympic.ca\\\/olympique\\\/#website\"},\"datePublished\":\"2009-07-13T20:30:38+00:00\",\"inLanguage\":\"fr-FR\",\"potentialAction\":[{\"@type\":\"ReadAction\",\"target\":[\"https:\\\/\\\/preprod.olympic.ca\\\/olympique\\\/presse\\\/breves-sportives-les-nageurs-font-des-vagues-et-battent-des-records-a-montreal\\\/\"]}]},{\"@type\":\"WebSite\",\"@id\":\"https:\\\/\\\/preprod.olympic.ca\\\/olympique\\\/#website\",\"url\":\"https:\\\/\\\/preprod.olympic.ca\\\/olympique\\\/\",\"name\":\"\u00c9quipe Canada | Site officiel de l&#039;\u00e9quipe olympique\",\"description\":\"Votre source pour l\u2019\u00c9quipe olympique canadienne. Retrouvez les r\u00e9cits, vid\u00e9os et photos des athl\u00e8tes canadiens, sports olympiques, Jeux olympiques de 2020 et bien plus!\",\"potentialAction\":[{\"@type\":\"SearchAction\",\"target\":{\"@type\":\"EntryPoint\",\"urlTemplate\":\"https:\\\/\\\/preprod.olympic.ca\\\/olympique\\\/?s={search_term_string}\"},\"query-input\":{\"@type\":\"PropertyValueSpecification\",\"valueRequired\":true,\"valueName\":\"search_term_string\"}}],\"inLanguage\":\"fr-FR\"}]}<\/script>\n<!-- \/ Yoast SEO plugin. -->","yoast_head_json":{"title":"Br\u00e8ves sportives : Les nageurs font des vagues et battent des records \u00e0 Montr\u00e9al - \u00c9quipe Canada | Site officiel de l&#039;\u00e9quipe olympique","robots":{"index":"index","follow":"follow","max-snippet":"max-snippet:-1","max-image-preview":"max-image-preview:large","max-video-preview":"max-video-preview:-1"},"canonical":"https:\/\/preprod.olympic.ca\/olympique\/presse\/breves-sportives-les-nageurs-font-des-vagues-et-battent-des-records-a-montreal\/","og_locale":"fr_FR","og_type":"article","og_title":"Br\u00e8ves sportives : Les nageurs font des vagues et battent des records \u00e0 Montr\u00e9al - \u00c9quipe Canada | Site officiel de l&#039;\u00e9quipe olympique","og_description":"Plusieurs des talents aquatiques du pays ont \u00e9t\u00e9 d\u00e9ploy\u00e9s aux Championnats canadiens de natation. Natation Canada pr\u00e9sentera donc une \u00e9quipe...","og_url":"https:\/\/preprod.olympic.ca\/olympique\/presse\/breves-sportives-les-nageurs-font-des-vagues-et-battent-des-records-a-montreal\/","og_site_name":"\u00c9quipe Canada | Site officiel de l&#039;\u00e9quipe olympique","twitter_card":"summary_large_image","twitter_misc":{"Est. reading time":"2 minutes","Written by":"Mark Nadolny"},"schema":{"@context":"https:\/\/schema.org","@graph":[{"@type":"WebPage","@id":"https:\/\/preprod.olympic.ca\/olympique\/presse\/breves-sportives-les-nageurs-font-des-vagues-et-battent-des-records-a-montreal\/","url":"https:\/\/preprod.olympic.ca\/olympique\/presse\/breves-sportives-les-nageurs-font-des-vagues-et-battent-des-records-a-montreal\/","name":"Br\u00e8ves sportives : Les nageurs font des vagues et battent des records \u00e0 Montr\u00e9al - \u00c9quipe Canada | Site officiel de l&#039;\u00e9quipe olympique","isPartOf":{"@id":"https:\/\/preprod.olympic.ca\/olympique\/#website"},"datePublished":"2009-07-13T20:30:38+00:00","inLanguage":"fr-FR","potentialAction":[{"@type":"ReadAction","target":["https:\/\/preprod.olympic.ca\/olympique\/presse\/breves-sportives-les-nageurs-font-des-vagues-et-battent-des-records-a-montreal\/"]}]},{"@type":"WebSite","@id":"https:\/\/preprod.olympic.ca\/olympique\/#website","url":"https:\/\/preprod.olympic.ca\/olympique\/","name":"\u00c9quipe Canada | Site officiel de l&#039;\u00e9quipe olympique","description":"Votre source pour l\u2019\u00c9quipe olympique canadienne. Retrouvez les r\u00e9cits, vid\u00e9os et photos des athl\u00e8tes canadiens, sports olympiques, Jeux olympiques de 2020 et bien plus!","potentialAction":[{"@type":"SearchAction","target":{"@type":"EntryPoint","urlTemplate":"https:\/\/preprod.olympic.ca\/olympique\/?s={search_term_string}"},"query-input":{"@type":"PropertyValueSpecification","valueRequired":true,"valueName":"search_term_string"}}],"inLanguage":"fr-FR"}]}},"jetpack_sharing_enabled":true,"_links":{"self":[{"href":"https:\/\/preprod.olympic.ca\/olympique\/wp-json\/wp\/v2\/press\/72831","targetHints":{"allow":["GET"]}}],"collection":[{"href":"https:\/\/preprod.olympic.ca\/olympique\/wp-json\/wp\/v2\/press"}],"about":[{"href":"https:\/\/preprod.olympic.ca\/olympique\/wp-json\/wp\/v2\/types\/press"}],"version-history":[{"count":0,"href":"https:\/\/preprod.olympic.ca\/olympique\/wp-json\/wp\/v2\/press\/72831\/revisions"}],"wp:attachment":[{"href":"https:\/\/preprod.olympic.ca\/olympique\/wp-json\/wp\/v2\/media?parent=72831"}],"wp:term":[{"taxonomy":"post_tag","embeddable":true,"href":"https:\/\/preprod.olympic.ca\/olympique\/wp-json\/wp\/v2\/tags?post=72831"},{"taxonomy":"type-of-press","embeddable":true,"href":"https:\/\/preprod.olympic.ca\/olympique\/wp-json\/wp\/v2\/type-of-press?post=72831"},{"taxonomy":"press-topic","embeddable":true,"href":"https:\/\/preprod.olympic.ca\/olympique\/wp-json\/wp\/v2\/press-topic?post=72831"},{"taxonomy":"years","embeddable":true,"href":"https:\/\/preprod.olympic.ca\/olympique\/wp-json\/wp\/v2\/years?post=72831"}],"curies":[{"name":"wp","href":"https:\/\/api.w.org\/{rel}","templated":true}]}}