{"id":73030,"date":"2012-04-18T11:16:52","date_gmt":"2012-06-22T15:19:19","guid":{"rendered":"http:\/\/preprod.olympic.ca\/?p=34228"},"modified":"2012-04-18T11:16:52","modified_gmt":"2012-06-22T15:19:19","slug":"le-comite-olympique-canadien-marque-les-100-jours-avant-londres-2012","status":"publish","type":"press","link":"https:\/\/preprod.olympic.ca\/olympique\/presse\/le-comite-olympique-canadien-marque-les-100-jours-avant-londres-2012\/","title":{"rendered":"Le Comit\u00e9 olympique canadien marque les 100 jours avant Londres 2012"},"content":{"rendered":"<p><strong>TORONTO<\/strong> \u2013 \u00c0 seulement 100 jours de la c\u00e9r\u00e9monie d\u2019ouverture des Jeux olympiques de 2012 \u00e0 Londres, le Comit\u00e9 olympique canadien (COC) est dans la derni\u00e8re ligne droite en ce qui concerne les pr\u00e9paratifs olympiques.<\/p>\n<p>\u00ab\u00a0Nos athl\u00e8tes sont pr\u00eats \u00e0 concourir. Apr\u00e8s tout le travail \u00e0 l\u2019entra\u00eenement, la comp\u00e9tition et la pr\u00e9paration pour ce moment, ils sont impatients d\u2019y \u00eatre, a affirm\u00e9 le chef de mission de l\u2019\u00c9quipe olympique canadienne 2012, Mark Tewksbury. M\u00eame s\u2019il reste encore beaucoup de travail et de pr\u00e9paration \u00e0 effectuer, je sais que le Canada sera repr\u00e9sent\u00e9 par l\u2019\u00e9quipe la plus comp\u00e9titive et la plus travaillante \u00e0 Londres.\u00a0\u00bb<\/p>\n<p>\u00ab\u00a0Les athl\u00e8tes canadiens sont des mod\u00e8les, et ils inspireront tout le Canada par leur performance \u00e0 Londres, a ajout\u00e9 la chef de mission adjointe de l\u2019\u00c9quipe olympique canadienne 2012, Sylvie Bernier. Ils sont d\u00e9cid\u00e9s, d\u00e9termin\u00e9s et pr\u00eats pour le d\u00e9fi. Nous n\u2019avons rien laiss\u00e9 au hasard pour offrir le meilleur environnement possible \u00e0 nos Olympiens.\u00a0\u00bb<\/p>\n<p>\u00ab\u00a0Apr\u00e8s des ann\u00e9es de pr\u00e9paration, les 100 derniers jours pr\u00e9c\u00e9dant les Jeux ressemblent aux 100 derniers m\u00e8tres d\u2019un marathon, a comment\u00e9 le pr\u00e9sident du COC, Marcel Aubut. Chaque jour, chaque moment, chaque d\u00e9cision feront une diff\u00e9rence dans l\u2019atteinte de notre objectif qui est un classement au top\u00a012 en 2012. Ce ne sera pas facile, mais l\u2019excellence ne l\u2019est jamais. Notre \u00e9quipe qui travaille derri\u00e8re l\u2019\u00e9quipe s\u2019applique \u00e0 fournir tout ce dont les athl\u00e8tes ont besoin pour r\u00e9aliser leurs r\u00eaves olympiques.\u00a0\u00bb<\/p>\n<p>\u00ab\u00a0Nous voulons remercier tous les partisans, nos partenaires et toutes les personnes qui nous ont permis d\u2019arriver jusqu\u2019ici, a d\u00e9clar\u00e9 la triple m\u00e9daill\u00e9e olympique Karen Cockburn.\u00a0\u00bb<\/p>\n<p>\u00ab\u00a0Votre soutien est tr\u00e8s important pour nous, et nous ferons de notre mieux pour vous rendre fiers, a pour sa part ajout\u00e9 le m\u00e9daill\u00e9 d\u2019argent olympique de 2008 Jason Burnett.\u00a0\u00bb<\/p>\n<p>\u00ab\u00a0Nous avons travaill\u00e9 tr\u00e8s fort et pendant longtemps, et nous sommes maintenant rendus \u00e0 la derni\u00e8re \u00e9tape. Nous sommes pr\u00eats, a affirm\u00e9 la m\u00e9daill\u00e9e d\u2019or des Jeux panam\u00e9ricains de\u00a0 2011, Rosie MacLennan.\u00a0\u00bb<\/p>\n<p>Des ann\u00e9es de pr\u00e9paration ont culmin\u00e9 au S\u00e9minaire de pr\u00e9paration et des op\u00e9rations de l\u2019\u00e9quipe qui s\u2019est d\u00e9roul\u00e9 au cours de la fin de semaine pass\u00e9e, alors que le Comit\u00e9 olympique canadien avait r\u00e9uni pr\u00e8s de 200 membres de l\u2019\u00e9quipe de soutien et de l\u2019\u00e9quipe de mission de l\u2019\u00c9quipe olympique canadienne 2012 pour la planification finale avant Londres. Ce s\u00e9minaire est le dernier des \u00e9v\u00e9nements de la S\u00e9rie de l\u2019excellence olympique du COC qui comprend les Ateliers de pr\u00e9paration olympique, la S\u00e9rie de l\u2019excellence olympique et le Sommet des m\u00e9dias. Au cours des quatre derni\u00e8res ann\u00e9es, les athl\u00e8tes, les entra\u00eeneurs, le personnel de soutien et les dirigeants de l\u2019\u00e9quipe se sont rencontr\u00e9s \u00e0 ces \u00e9v\u00e9nements qui visent \u00e0 s\u2019assurer que chaque membre de l\u2019\u00e9quipe qui soutient les l\u2019\u00c9quipe olympique canadienne est au sommet de sa forme \u00e0 Londres 2012.<\/p>\n<p style=\"text-align:center;\">&#8211; 30 &#8211;<\/p>\n<p><strong>Bureau de presse du Comit\u00e9 olympique canadien :<\/strong><br \/>\nJane Almeida, gestionnaire, Relations avec les m\u00e9dias<br \/>\nT\u00e9l.\u00a0: 416-324-4120 \/ Cell.\u00a0: 416-540-1788<br \/>\nCourriel\u00a0: <a href=\"mailto:jalmeida@olympic.ca\">jalmeida@olympic.ca<\/a><\/p>\n<p>Dimitri Soudas, directeur ex\u00e9cutif, Communications<br \/>\nT\u00e9l.\u00a0: 416-324-4136 \/ Cell.\u00a0: 289-388-6419<br \/>\nCourriel\u00a0: <a href=\"mailto:dsoudas@olympic.ca\" target=\"_blank\">dsoudas@olympic.ca<\/a><\/p>\n","protected":false},"excerpt":{"rendered":"<p>TORONTO \u2013 \u00c0 seulement 100 jours de la c\u00e9r\u00e9monie d\u2019ouverture des Jeux olympiques de 2012 \u00e0 Londres, le Comit\u00e9 olympique&#8230;<\/p>\n","protected":false},"featured_media":0,"template":"","format":"standard","tags":[],"type-of-press":[496138],"press-topic":[],"years":[],"class_list":["post-73030","press","type-press","status-publish","format-standard","hentry","type-of-press-communiques"],"acf":[],"yoast_head":"<!-- This site is optimized with the Yoast SEO plugin v27.3 - https:\/\/yoast.com\/product\/yoast-seo-wordpress\/ -->\n<title>Le Comit\u00e9 olympique canadien marque les 100 jours avant Londres 2012 - \u00c9quipe Canada | Site officiel de l&#039;\u00e9quipe olympique<\/title>\n<meta name=\"robots\" content=\"index, follow, max-snippet:-1, max-image-preview:large, max-video-preview:-1\" \/>\n<link rel=\"canonical\" href=\"https:\/\/preprod.olympic.ca\/olympique\/presse\/le-comite-olympique-canadien-marque-les-100-jours-avant-londres-2012\/\" \/>\n<meta property=\"og:locale\" content=\"fr_FR\" \/>\n<meta property=\"og:type\" content=\"article\" \/>\n<meta property=\"og:title\" content=\"Le Comit\u00e9 olympique canadien marque les 100 jours avant Londres 2012 - \u00c9quipe Canada | Site officiel de l&#039;\u00e9quipe olympique\" \/>\n<meta property=\"og:description\" content=\"TORONTO \u2013 \u00c0 seulement 100 jours de la c\u00e9r\u00e9monie d\u2019ouverture des Jeux olympiques de 2012 \u00e0 Londres, le Comit\u00e9 olympique...\" \/>\n<meta property=\"og:url\" content=\"https:\/\/preprod.olympic.ca\/olympique\/presse\/le-comite-olympique-canadien-marque-les-100-jours-avant-londres-2012\/\" \/>\n<meta property=\"og:site_name\" content=\"\u00c9quipe Canada | Site officiel de l&#039;\u00e9quipe olympique\" \/>\n<meta name=\"twitter:card\" content=\"summary_large_image\" \/>\n<meta name=\"twitter:label1\" content=\"Est. reading time\" \/>\n\t<meta name=\"twitter:data1\" content=\"3 minutes\" \/>\n\t<meta name=\"twitter:label2\" content=\"Written by\" \/>\n\t<meta name=\"twitter:data2\" content=\"Mark Nadolny\" \/>\n<script type=\"application\/ld+json\" class=\"yoast-schema-graph\">{\"@context\":\"https:\\\/\\\/schema.org\",\"@graph\":[{\"@type\":\"WebPage\",\"@id\":\"https:\\\/\\\/preprod.olympic.ca\\\/olympique\\\/presse\\\/le-comite-olympique-canadien-marque-les-100-jours-avant-londres-2012\\\/\",\"url\":\"https:\\\/\\\/preprod.olympic.ca\\\/olympique\\\/presse\\\/le-comite-olympique-canadien-marque-les-100-jours-avant-londres-2012\\\/\",\"name\":\"Le Comit\u00e9 olympique canadien marque les 100 jours avant Londres 2012 - \u00c9quipe Canada | Site officiel de l&#039;\u00e9quipe olympique\",\"isPartOf\":{\"@id\":\"https:\\\/\\\/preprod.olympic.ca\\\/olympique\\\/#website\"},\"datePublished\":\"2012-06-22T15:19:19+00:00\",\"inLanguage\":\"fr-FR\",\"potentialAction\":[{\"@type\":\"ReadAction\",\"target\":[\"https:\\\/\\\/preprod.olympic.ca\\\/olympique\\\/presse\\\/le-comite-olympique-canadien-marque-les-100-jours-avant-londres-2012\\\/\"]}]},{\"@type\":\"WebSite\",\"@id\":\"https:\\\/\\\/preprod.olympic.ca\\\/olympique\\\/#website\",\"url\":\"https:\\\/\\\/preprod.olympic.ca\\\/olympique\\\/\",\"name\":\"\u00c9quipe Canada | Site officiel de l&#039;\u00e9quipe olympique\",\"description\":\"Votre source pour l\u2019\u00c9quipe olympique canadienne. Retrouvez les r\u00e9cits, vid\u00e9os et photos des athl\u00e8tes canadiens, sports olympiques, Jeux olympiques de 2020 et bien plus!\",\"potentialAction\":[{\"@type\":\"SearchAction\",\"target\":{\"@type\":\"EntryPoint\",\"urlTemplate\":\"https:\\\/\\\/preprod.olympic.ca\\\/olympique\\\/?s={search_term_string}\"},\"query-input\":{\"@type\":\"PropertyValueSpecification\",\"valueRequired\":true,\"valueName\":\"search_term_string\"}}],\"inLanguage\":\"fr-FR\"}]}<\/script>\n<!-- \/ Yoast SEO plugin. -->","yoast_head_json":{"title":"Le Comit\u00e9 olympique canadien marque les 100 jours avant Londres 2012 - \u00c9quipe Canada | Site officiel de l&#039;\u00e9quipe olympique","robots":{"index":"index","follow":"follow","max-snippet":"max-snippet:-1","max-image-preview":"max-image-preview:large","max-video-preview":"max-video-preview:-1"},"canonical":"https:\/\/preprod.olympic.ca\/olympique\/presse\/le-comite-olympique-canadien-marque-les-100-jours-avant-londres-2012\/","og_locale":"fr_FR","og_type":"article","og_title":"Le Comit\u00e9 olympique canadien marque les 100 jours avant Londres 2012 - \u00c9quipe Canada | Site officiel de l&#039;\u00e9quipe olympique","og_description":"TORONTO \u2013 \u00c0 seulement 100 jours de la c\u00e9r\u00e9monie d\u2019ouverture des Jeux olympiques de 2012 \u00e0 Londres, le Comit\u00e9 olympique...","og_url":"https:\/\/preprod.olympic.ca\/olympique\/presse\/le-comite-olympique-canadien-marque-les-100-jours-avant-londres-2012\/","og_site_name":"\u00c9quipe Canada | Site officiel de l&#039;\u00e9quipe olympique","twitter_card":"summary_large_image","twitter_misc":{"Est. reading time":"3 minutes","Written by":"Mark Nadolny"},"schema":{"@context":"https:\/\/schema.org","@graph":[{"@type":"WebPage","@id":"https:\/\/preprod.olympic.ca\/olympique\/presse\/le-comite-olympique-canadien-marque-les-100-jours-avant-londres-2012\/","url":"https:\/\/preprod.olympic.ca\/olympique\/presse\/le-comite-olympique-canadien-marque-les-100-jours-avant-londres-2012\/","name":"Le Comit\u00e9 olympique canadien marque les 100 jours avant Londres 2012 - \u00c9quipe Canada | Site officiel de l&#039;\u00e9quipe olympique","isPartOf":{"@id":"https:\/\/preprod.olympic.ca\/olympique\/#website"},"datePublished":"2012-06-22T15:19:19+00:00","inLanguage":"fr-FR","potentialAction":[{"@type":"ReadAction","target":["https:\/\/preprod.olympic.ca\/olympique\/presse\/le-comite-olympique-canadien-marque-les-100-jours-avant-londres-2012\/"]}]},{"@type":"WebSite","@id":"https:\/\/preprod.olympic.ca\/olympique\/#website","url":"https:\/\/preprod.olympic.ca\/olympique\/","name":"\u00c9quipe Canada | Site officiel de l&#039;\u00e9quipe olympique","description":"Votre source pour l\u2019\u00c9quipe olympique canadienne. Retrouvez les r\u00e9cits, vid\u00e9os et photos des athl\u00e8tes canadiens, sports olympiques, Jeux olympiques de 2020 et bien plus!","potentialAction":[{"@type":"SearchAction","target":{"@type":"EntryPoint","urlTemplate":"https:\/\/preprod.olympic.ca\/olympique\/?s={search_term_string}"},"query-input":{"@type":"PropertyValueSpecification","valueRequired":true,"valueName":"search_term_string"}}],"inLanguage":"fr-FR"}]}},"jetpack_sharing_enabled":true,"_links":{"self":[{"href":"https:\/\/preprod.olympic.ca\/olympique\/wp-json\/wp\/v2\/press\/73030","targetHints":{"allow":["GET"]}}],"collection":[{"href":"https:\/\/preprod.olympic.ca\/olympique\/wp-json\/wp\/v2\/press"}],"about":[{"href":"https:\/\/preprod.olympic.ca\/olympique\/wp-json\/wp\/v2\/types\/press"}],"version-history":[{"count":0,"href":"https:\/\/preprod.olympic.ca\/olympique\/wp-json\/wp\/v2\/press\/73030\/revisions"}],"wp:attachment":[{"href":"https:\/\/preprod.olympic.ca\/olympique\/wp-json\/wp\/v2\/media?parent=73030"}],"wp:term":[{"taxonomy":"post_tag","embeddable":true,"href":"https:\/\/preprod.olympic.ca\/olympique\/wp-json\/wp\/v2\/tags?post=73030"},{"taxonomy":"type-of-press","embeddable":true,"href":"https:\/\/preprod.olympic.ca\/olympique\/wp-json\/wp\/v2\/type-of-press?post=73030"},{"taxonomy":"press-topic","embeddable":true,"href":"https:\/\/preprod.olympic.ca\/olympique\/wp-json\/wp\/v2\/press-topic?post=73030"},{"taxonomy":"years","embeddable":true,"href":"https:\/\/preprod.olympic.ca\/olympique\/wp-json\/wp\/v2\/years?post=73030"}],"curies":[{"name":"wp","href":"https:\/\/api.w.org\/{rel}","templated":true}]}}