{"id":73031,"date":"2012-04-02T13:47:38","date_gmt":"2012-04-30T17:50:55","guid":{"rendered":"http:\/\/preprod.olympic.ca\/?p=30086"},"modified":"2012-04-02T13:47:38","modified_gmt":"2012-04-30T17:50:55","slug":"le-comite-olympique-canadien-nomme-les-nageurs-dans-lequipe-de-londres-2012","status":"publish","type":"press","link":"https:\/\/preprod.olympic.ca\/olympique\/presse\/le-comite-olympique-canadien-nomme-les-nageurs-dans-lequipe-de-londres-2012\/","title":{"rendered":"Le Comit\u00e9 olympique canadien nomme les nageurs dans l\u2019\u00e9quipe de Londres 2012"},"content":{"rendered":"<p><strong>MONTR\u00c9AL<\/strong> \u2013 Apr\u00e8s six jours marqu\u00e9s par l\u2019excellence de la natation canadienne, le Comit\u00e9 olympique canadien a officiellement pr\u00e9sent\u00e9 aujourd\u2019hui les 31 nageurs qui seront nomm\u00e9s dans l\u2019\u00c9quipe olympique canadienne 2012.<\/p>\n<p>\u00ab\u00a0J\u2019ai travaill\u00e9 tr\u00e8s fort apr\u00e8s avoir rat\u00e9 une place dans l\u2019\u00e9quipe en 2008, a d\u00e9clar\u00e9 le nageur Scott Dickens. Cette fois-ci, j\u2019ai voulu profiter du moment, disputer la course que je me savais capable de disputer et me tailler une place dans l\u2019\u00c9quipe olympique canadienne. J\u2019ai une bonne \u00e9quipe de soutien avec moi, et je suis certain de pouvoir me mesurer aux meilleurs au monde et \u00eatre comp\u00e9titif \u00e0 Londres.\u00a0\u00bb<\/p>\n<p>\u00ab\u00a0Aujourd\u2019hui, ces jeunes athl\u00e8tes exceptionnels vivent un moment cl\u00e9 dans leur carri\u00e8re. Votre travail acharn\u00e9 et votre d\u00e9vouement \u00e0 l\u2019\u00e9gard de l\u2019excellence vous ont permis d\u2019obtenir votre billet pour la plus grande sc\u00e8ne sportive au monde, a comment\u00e9 le pr\u00e9sident du Comit\u00e9 olympique canadien, Marcel Aubut. Tout le Canada est avec vous, alors que vous vivez vos r\u00eaves olympiques. Je sais que chacun d\u2019entre vous sera pour nous une source de fiert\u00e9.\u00a0\u00bb<\/p>\n<p>\u00ab\u00a0RBC est tr\u00e8s fi\u00e8re d\u2019\u00eatre le partenaire de l\u2019\u00c9quipe olympique canadienne et de soutenir les essais olympiques et paralympiques canadiens de natation, a affirm\u00e9 Micheline Martin, pr\u00e9sidente r\u00e9gionale de RBC, Qu\u00e9bec. C\u2019est formidable d\u2019accueillir un \u00e9v\u00e9nement aussi important dans l\u2019une de nos succursales, et cela d\u00e9montre une fois de plus l\u2019excellente relation de travail que nous entretenons avec l\u2019\u00c9quipe olympique canadienne.\u00a0\u00bb<\/p>\n<p>\u00ab\u00a0La semaine derni\u00e8re, nous avons eu la preuve que l\u2019esprit olympique \u00e9tait encore bien pr\u00e9sent \u00e0 Montr\u00e9al, premi\u00e8re ville h\u00f4te olympique au Canada, a ajout\u00e9 G\u00e9rald Tremblay, maire de Montr\u00e9al. Les Olympiens canadiens sont toujours les bienvenus \u00e0 Montr\u00e9al.\u00a0\u00bb<\/p>\n<p>Cette \u00e9quipe a \u00e9t\u00e9 s\u00e9lectionn\u00e9e lors des essais olympiques et paralympiques canadiens de natation qui se sont tenus \u00e0 Montr\u00e9al, du 27 mars au 1er avril. Fruit d\u2019un partenariat historique entre le Comit\u00e9 olympique canadien, le Comit\u00e9 paralympique canadien et Natation Canada, les essais ont \u00e9t\u00e9 les premiers organis\u00e9s sous la marque olympique au Canada.<\/p>\n<p>Les nageurs nomm\u00e9s dans l\u2019\u00c9quipe olympique canadienne 2012 sont :<\/p>\n<p>&nbsp;<\/p>\n<table border=\"1\" cellspacing=\"0\" cellpadding=\"0\">\n<tbody>\n<tr>\n<td valign=\"top\" width=\"226\">Athl\u00e8te<\/td>\n<td valign=\"top\" width=\"226\">Ville d\u2019origine<\/td>\n<td valign=\"top\" width=\"226\">\u00c9preuves<\/td>\n<\/tr>\n<tr>\n<td valign=\"top\" width=\"226\">Joe Bartoch<\/td>\n<td valign=\"top\" width=\"226\">London, Ont.<\/td>\n<td valign=\"top\" width=\"226\">100\u00a0m papillon<\/td>\n<\/tr>\n<tr>\n<td valign=\"top\" width=\"226\">Hilary Caldwell<\/td>\n<td valign=\"top\" width=\"226\">Surrey, C.-B.<\/td>\n<td valign=\"top\" width=\"226\">200\u00a0m dos<\/td>\n<\/tr>\n<tr>\n<td valign=\"top\" width=\"226\">Samantha Cheverton<\/td>\n<td valign=\"top\" width=\"226\">Pointe-Claire, QC<\/td>\n<td valign=\"top\" width=\"226\">200\u00a0m libre, 4 x 200\u00a0m libre, 4 x 100\u00a0m relais libre<\/td>\n<\/tr>\n<tr>\n<td valign=\"top\" width=\"226\">Ryan Cochrane<\/td>\n<td valign=\"top\" width=\"226\">Victoria, C.-B.<\/td>\n<td valign=\"top\" width=\"226\">400\u00a0m libre<\/td>\n<\/tr>\n<tr>\n<td valign=\"top\" width=\"226\">Scott Dickens<\/td>\n<td valign=\"top\" width=\"226\">Burlington, Ont.<\/td>\n<td valign=\"top\" width=\"226\">100\u00a0m brasse, 200\u00a0m brasse<\/td>\n<\/tr>\n<tr>\n<td valign=\"top\" width=\"226\">Andrew Ford<\/td>\n<td valign=\"top\" width=\"226\">Guelph, Ont,<\/td>\n<td valign=\"top\" width=\"226\">200\u00a0m quatre nages individuel<\/td>\n<\/tr>\n<tr>\n<td valign=\"top\" width=\"226\">Charles Francis<\/td>\n<td valign=\"top\" width=\"226\">Cowansville, QC<\/td>\n<td valign=\"top\" width=\"226\">100\u00a0m dos<\/td>\n<\/tr>\n<tr>\n<td valign=\"top\" width=\"226\">Thomas Gossland<\/td>\n<td valign=\"top\" width=\"226\">Vancouver, C.-B.<\/td>\n<td valign=\"top\" width=\"226\">4&#215;100 m relais libre<\/td>\n<\/tr>\n<tr>\n<td valign=\"top\" width=\"226\">Brent Hayden<\/td>\n<td valign=\"top\" width=\"226\">Vancouver, C.-B.<\/td>\n<td valign=\"top\" width=\"226\">100\u00a0m libre, 4 x 100\u00a0m relais libre<\/td>\n<\/tr>\n<tr>\n<td valign=\"top\" width=\"226\">Stephanie Horner<\/td>\n<td valign=\"top\" width=\"226\">Beaconsfield, QC<\/td>\n<td valign=\"top\" width=\"226\">400\u00a0m quatre nages individuel<\/td>\n<\/tr>\n<tr>\n<td valign=\"top\" width=\"226\">Richard Hortness<\/td>\n<td valign=\"top\" width=\"226\">Medicine Hat, Alb.<\/td>\n<td valign=\"top\" width=\"226\">4 x 100\u00a0m relais libre<\/td>\n<\/tr>\n<tr>\n<td valign=\"top\" width=\"226\">Barbara Jardin<\/td>\n<td valign=\"top\" width=\"226\">Montr\u00e9al, QC<\/td>\n<td valign=\"top\" width=\"226\">200\u00a0m libre, 4 x 200\u00a0m relais libre<\/td>\n<\/tr>\n<tr>\n<td valign=\"top\" width=\"226\">Savanah King<\/td>\n<td valign=\"top\" width=\"226\">Vancouver, C.-B.<\/td>\n<td valign=\"top\" width=\"226\">400\u00a0m libre, 800\u00a0m libre<\/td>\n<\/tr>\n<tr>\n<td valign=\"top\" width=\"226\">Alexa Komarnycky<\/td>\n<td valign=\"top\" width=\"226\">Etobicoke, Ont.<\/td>\n<td valign=\"top\" width=\"226\">800\u00a0m libre<\/td>\n<\/tr>\n<tr>\n<td valign=\"top\" width=\"226\">Audrey Lacroix<\/td>\n<td valign=\"top\" width=\"226\">Montr\u00e9al, QC<\/td>\n<td valign=\"top\" width=\"226\">200\u00a0m papillon<\/td>\n<\/tr>\n<tr>\n<td valign=\"top\" width=\"226\">Brittany MacLean<\/td>\n<td valign=\"top\" width=\"226\">Etobicoke, Ont.<\/td>\n<td valign=\"top\" width=\"226\">400\u00a0m libre, 4 x 200\u00a0m relais libre<\/td>\n<\/tr>\n<tr>\n<td valign=\"top\" width=\"226\">Heather MacLean<\/td>\n<td valign=\"top\" width=\"226\">Etobicoke, Ont.<\/td>\n<td valign=\"top\" width=\"226\">4 x 100\u00a0m relais libre<\/td>\n<\/tr>\n<tr>\n<td valign=\"top\" width=\"226\">Martha McCabe<\/td>\n<td valign=\"top\" width=\"226\">Toronto, Ont.<\/td>\n<td valign=\"top\" width=\"226\">200m brasse<\/td>\n<\/tr>\n<tr>\n<td valign=\"top\" width=\"226\">Erica Morningstar<\/td>\n<td valign=\"top\" width=\"226\">Calgary, Alb.<\/td>\n<td valign=\"top\" width=\"226\">200\u00a0m quatre nages individuel<\/td>\n<\/tr>\n<tr>\n<td valign=\"top\" width=\"226\">Tobias Oriwol<\/td>\n<td valign=\"top\" width=\"226\">Toronto, Ont.<\/td>\n<td valign=\"top\" width=\"226\">200\u00a0m dos<\/td>\n<\/tr>\n<tr>\n<td valign=\"top\" width=\"226\">Alec Page<\/td>\n<td valign=\"top\" width=\"226\">Victoria, C.-B.<\/td>\n<td valign=\"top\" width=\"226\">400\u00a0m quatre nages individuel<\/td>\n<\/tr>\n<tr>\n<td valign=\"top\" width=\"226\">Victoria Poon<\/td>\n<td valign=\"top\" width=\"226\">Montr\u00e9al, QC<\/td>\n<td valign=\"top\" width=\"226\">4 x 100\u00a0m relais libre<\/td>\n<\/tr>\n<tr>\n<td valign=\"top\" width=\"226\">Amanda Reason<\/td>\n<td valign=\"top\" width=\"226\">Windsor, Ont.<\/td>\n<td valign=\"top\" width=\"226\">4 x 200\u00a0m relais libre<\/td>\n<\/tr>\n<tr>\n<td valign=\"top\" width=\"226\">Colin Russell<\/td>\n<td valign=\"top\" width=\"226\">Burlington, Ont.<\/td>\n<td valign=\"top\" width=\"226\">4 x 100\u00a0m relais libre<\/td>\n<\/tr>\n<tr>\n<td valign=\"top\" width=\"226\">Sinead Russell<\/td>\n<td valign=\"top\" width=\"226\">Burlington, Ont.<\/td>\n<td valign=\"top\" width=\"226\">100\u00a0m dos<\/td>\n<\/tr>\n<tr>\n<td valign=\"top\" width=\"226\">Katerine Savard<\/td>\n<td valign=\"top\" width=\"226\">Qu\u00e9bec, QC<\/td>\n<td valign=\"top\" width=\"226\">100\u00a0m papillon<\/td>\n<\/tr>\n<tr>\n<td valign=\"top\" width=\"226\">David Sharpe<\/td>\n<td valign=\"top\" width=\"226\">Halifax, N.-\u00c9.<\/td>\n<td valign=\"top\" width=\"226\">200\u00a0m papillon<\/td>\n<\/tr>\n<tr>\n<td valign=\"top\" width=\"226\">Jillian Tyler<\/td>\n<td valign=\"top\" width=\"226\">Calgary, Alb.<\/td>\n<td valign=\"top\" width=\"226\">100\u00a0m brasse<\/td>\n<\/tr>\n<tr>\n<td valign=\"top\" width=\"226\">Tera Van Beilen<\/td>\n<td valign=\"top\" width=\"226\">Oakville, Ont.<\/td>\n<td valign=\"top\" width=\"226\">100\u00a0m dos<\/td>\n<\/tr>\n<tr>\n<td valign=\"top\" width=\"226\">Julia Wilkinson<\/td>\n<td valign=\"top\" width=\"226\">Stratford, Ont.<\/td>\n<td valign=\"top\" width=\"226\">100\u00a0m dos, 100\u00a0m libre, 4 x 100\u00a0m relais libre et 200\u00a0m quatre nages individuel<\/td>\n<\/tr>\n<tr>\n<td valign=\"top\" width=\"226\">Blake Worsley<\/td>\n<td valign=\"top\" width=\"226\">Victoria, C.-B.<\/td>\n<td valign=\"top\" width=\"226\">200\u00a0m libre<\/td>\n<\/tr>\n<\/tbody>\n<\/table>\n<p>-30-<\/p>\n<p><strong>Bureau de presse du Comit\u00e9 olympique canadien :<\/strong><\/p>\n<table border=\"0\" cellspacing=\"0\" cellpadding=\"0\" align=\"left\">\n<tbody>\n<tr>\n<td width=\"11\"><\/td>\n<td width=\"342\"><\/td>\n<td width=\"14\"><\/td>\n<td width=\"342\"><\/td>\n<\/tr>\n<tr>\n<td><\/td>\n<td valign=\"top\" width=\"342\">\n<table width=\"100%\" border=\"0\" cellspacing=\"0\" cellpadding=\"0\">\n<tbody>\n<tr>\n<td>Jane Almeida, gestionnaire, Relations avec les m\u00e9diasT\u00e9l.\u00a0: 416-324-4120 \/ Cell.\u00a0: 416-540-1788<\/p>\n<p>Courriel\u00a0: <a href=\"mailto:jalmeida@olympic.ca\">jalmeida@olympic.ca<\/a><\/p>\n<p>&nbsp;<\/p>\n<p>&nbsp;<\/td>\n<\/tr>\n<\/tbody>\n<\/table>\n<p>&nbsp;<\/td>\n<td><\/td>\n<td valign=\"top\" width=\"342\">\n<table width=\"100%\" border=\"0\" cellspacing=\"0\" cellpadding=\"0\">\n<tbody>\n<tr>\n<td>Dimitri Soudas, directeur ex\u00e9cutif, CommunicationsT\u00e9l.\u00a0: 416-324-4136\/ Cell.: 289-388-6419<\/p>\n<p>Courriel\u00a0: <a href=\"mailto:dsoudas@olympic.ca\">dsoudas@olympic.ca<\/a><\/p>\n<p>&nbsp;<\/p>\n<p>&nbsp;<\/td>\n<\/tr>\n<\/tbody>\n<\/table>\n<p>&nbsp;<\/td>\n<\/tr>\n<\/tbody>\n<\/table>\n","protected":false},"excerpt":{"rendered":"<p>MONTR\u00c9AL \u2013 Apr\u00e8s six jours marqu\u00e9s par l\u2019excellence de la natation canadienne, le Comit\u00e9 olympique canadien a officiellement pr\u00e9sent\u00e9 aujourd\u2019hui&#8230;<\/p>\n","protected":false},"featured_media":0,"template":"","format":"standard","tags":[],"type-of-press":[496138],"press-topic":[],"years":[],"class_list":["post-73031","press","type-press","status-publish","format-standard","hentry","type-of-press-communiques"],"acf":[],"yoast_head":"<!-- This site is optimized with the Yoast SEO plugin v27.3 - https:\/\/yoast.com\/product\/yoast-seo-wordpress\/ -->\n<title>Le Comit\u00e9 olympique canadien nomme les nageurs dans l\u2019\u00e9quipe de Londres 2012 - \u00c9quipe Canada | Site officiel de l&#039;\u00e9quipe olympique<\/title>\n<meta name=\"robots\" content=\"index, follow, max-snippet:-1, max-image-preview:large, max-video-preview:-1\" \/>\n<link rel=\"canonical\" href=\"https:\/\/preprod.olympic.ca\/olympique\/presse\/le-comite-olympique-canadien-nomme-les-nageurs-dans-lequipe-de-londres-2012\/\" \/>\n<meta property=\"og:locale\" content=\"fr_FR\" \/>\n<meta property=\"og:type\" content=\"article\" \/>\n<meta property=\"og:title\" content=\"Le Comit\u00e9 olympique canadien nomme les nageurs dans l\u2019\u00e9quipe de Londres 2012 - \u00c9quipe Canada | Site officiel de l&#039;\u00e9quipe olympique\" \/>\n<meta property=\"og:description\" content=\"MONTR\u00c9AL \u2013 Apr\u00e8s six jours marqu\u00e9s par l\u2019excellence de la natation canadienne, le Comit\u00e9 olympique canadien a officiellement pr\u00e9sent\u00e9 aujourd\u2019hui...\" \/>\n<meta property=\"og:url\" content=\"https:\/\/preprod.olympic.ca\/olympique\/presse\/le-comite-olympique-canadien-nomme-les-nageurs-dans-lequipe-de-londres-2012\/\" \/>\n<meta property=\"og:site_name\" content=\"\u00c9quipe Canada | Site officiel de l&#039;\u00e9quipe olympique\" \/>\n<meta name=\"twitter:card\" content=\"summary_large_image\" \/>\n<meta name=\"twitter:label1\" content=\"Est. reading time\" \/>\n\t<meta name=\"twitter:data1\" content=\"3 minutes\" \/>\n\t<meta name=\"twitter:label2\" content=\"Written by\" \/>\n\t<meta name=\"twitter:data2\" content=\"Mark Nadolny\" \/>\n<script type=\"application\/ld+json\" class=\"yoast-schema-graph\">{\"@context\":\"https:\\\/\\\/schema.org\",\"@graph\":[{\"@type\":\"WebPage\",\"@id\":\"https:\\\/\\\/preprod.olympic.ca\\\/olympique\\\/presse\\\/le-comite-olympique-canadien-nomme-les-nageurs-dans-lequipe-de-londres-2012\\\/\",\"url\":\"https:\\\/\\\/preprod.olympic.ca\\\/olympique\\\/presse\\\/le-comite-olympique-canadien-nomme-les-nageurs-dans-lequipe-de-londres-2012\\\/\",\"name\":\"Le Comit\u00e9 olympique canadien nomme les nageurs dans l\u2019\u00e9quipe de Londres 2012 - \u00c9quipe Canada | Site officiel de l&#039;\u00e9quipe olympique\",\"isPartOf\":{\"@id\":\"https:\\\/\\\/preprod.olympic.ca\\\/olympique\\\/#website\"},\"datePublished\":\"2012-04-30T17:50:55+00:00\",\"inLanguage\":\"fr-FR\",\"potentialAction\":[{\"@type\":\"ReadAction\",\"target\":[\"https:\\\/\\\/preprod.olympic.ca\\\/olympique\\\/presse\\\/le-comite-olympique-canadien-nomme-les-nageurs-dans-lequipe-de-londres-2012\\\/\"]}]},{\"@type\":\"WebSite\",\"@id\":\"https:\\\/\\\/preprod.olympic.ca\\\/olympique\\\/#website\",\"url\":\"https:\\\/\\\/preprod.olympic.ca\\\/olympique\\\/\",\"name\":\"\u00c9quipe Canada | Site officiel de l&#039;\u00e9quipe olympique\",\"description\":\"Votre source pour l\u2019\u00c9quipe olympique canadienne. Retrouvez les r\u00e9cits, vid\u00e9os et photos des athl\u00e8tes canadiens, sports olympiques, Jeux olympiques de 2020 et bien plus!\",\"potentialAction\":[{\"@type\":\"SearchAction\",\"target\":{\"@type\":\"EntryPoint\",\"urlTemplate\":\"https:\\\/\\\/preprod.olympic.ca\\\/olympique\\\/?s={search_term_string}\"},\"query-input\":{\"@type\":\"PropertyValueSpecification\",\"valueRequired\":true,\"valueName\":\"search_term_string\"}}],\"inLanguage\":\"fr-FR\"}]}<\/script>\n<!-- \/ Yoast SEO plugin. -->","yoast_head_json":{"title":"Le Comit\u00e9 olympique canadien nomme les nageurs dans l\u2019\u00e9quipe de Londres 2012 - \u00c9quipe Canada | Site officiel de l&#039;\u00e9quipe olympique","robots":{"index":"index","follow":"follow","max-snippet":"max-snippet:-1","max-image-preview":"max-image-preview:large","max-video-preview":"max-video-preview:-1"},"canonical":"https:\/\/preprod.olympic.ca\/olympique\/presse\/le-comite-olympique-canadien-nomme-les-nageurs-dans-lequipe-de-londres-2012\/","og_locale":"fr_FR","og_type":"article","og_title":"Le Comit\u00e9 olympique canadien nomme les nageurs dans l\u2019\u00e9quipe de Londres 2012 - \u00c9quipe Canada | Site officiel de l&#039;\u00e9quipe olympique","og_description":"MONTR\u00c9AL \u2013 Apr\u00e8s six jours marqu\u00e9s par l\u2019excellence de la natation canadienne, le Comit\u00e9 olympique canadien a officiellement pr\u00e9sent\u00e9 aujourd\u2019hui...","og_url":"https:\/\/preprod.olympic.ca\/olympique\/presse\/le-comite-olympique-canadien-nomme-les-nageurs-dans-lequipe-de-londres-2012\/","og_site_name":"\u00c9quipe Canada | Site officiel de l&#039;\u00e9quipe olympique","twitter_card":"summary_large_image","twitter_misc":{"Est. reading time":"3 minutes","Written by":"Mark Nadolny"},"schema":{"@context":"https:\/\/schema.org","@graph":[{"@type":"WebPage","@id":"https:\/\/preprod.olympic.ca\/olympique\/presse\/le-comite-olympique-canadien-nomme-les-nageurs-dans-lequipe-de-londres-2012\/","url":"https:\/\/preprod.olympic.ca\/olympique\/presse\/le-comite-olympique-canadien-nomme-les-nageurs-dans-lequipe-de-londres-2012\/","name":"Le Comit\u00e9 olympique canadien nomme les nageurs dans l\u2019\u00e9quipe de Londres 2012 - \u00c9quipe Canada | Site officiel de l&#039;\u00e9quipe olympique","isPartOf":{"@id":"https:\/\/preprod.olympic.ca\/olympique\/#website"},"datePublished":"2012-04-30T17:50:55+00:00","inLanguage":"fr-FR","potentialAction":[{"@type":"ReadAction","target":["https:\/\/preprod.olympic.ca\/olympique\/presse\/le-comite-olympique-canadien-nomme-les-nageurs-dans-lequipe-de-londres-2012\/"]}]},{"@type":"WebSite","@id":"https:\/\/preprod.olympic.ca\/olympique\/#website","url":"https:\/\/preprod.olympic.ca\/olympique\/","name":"\u00c9quipe Canada | Site officiel de l&#039;\u00e9quipe olympique","description":"Votre source pour l\u2019\u00c9quipe olympique canadienne. Retrouvez les r\u00e9cits, vid\u00e9os et photos des athl\u00e8tes canadiens, sports olympiques, Jeux olympiques de 2020 et bien plus!","potentialAction":[{"@type":"SearchAction","target":{"@type":"EntryPoint","urlTemplate":"https:\/\/preprod.olympic.ca\/olympique\/?s={search_term_string}"},"query-input":{"@type":"PropertyValueSpecification","valueRequired":true,"valueName":"search_term_string"}}],"inLanguage":"fr-FR"}]}},"jetpack_sharing_enabled":true,"_links":{"self":[{"href":"https:\/\/preprod.olympic.ca\/olympique\/wp-json\/wp\/v2\/press\/73031","targetHints":{"allow":["GET"]}}],"collection":[{"href":"https:\/\/preprod.olympic.ca\/olympique\/wp-json\/wp\/v2\/press"}],"about":[{"href":"https:\/\/preprod.olympic.ca\/olympique\/wp-json\/wp\/v2\/types\/press"}],"version-history":[{"count":0,"href":"https:\/\/preprod.olympic.ca\/olympique\/wp-json\/wp\/v2\/press\/73031\/revisions"}],"wp:attachment":[{"href":"https:\/\/preprod.olympic.ca\/olympique\/wp-json\/wp\/v2\/media?parent=73031"}],"wp:term":[{"taxonomy":"post_tag","embeddable":true,"href":"https:\/\/preprod.olympic.ca\/olympique\/wp-json\/wp\/v2\/tags?post=73031"},{"taxonomy":"type-of-press","embeddable":true,"href":"https:\/\/preprod.olympic.ca\/olympique\/wp-json\/wp\/v2\/type-of-press?post=73031"},{"taxonomy":"press-topic","embeddable":true,"href":"https:\/\/preprod.olympic.ca\/olympique\/wp-json\/wp\/v2\/press-topic?post=73031"},{"taxonomy":"years","embeddable":true,"href":"https:\/\/preprod.olympic.ca\/olympique\/wp-json\/wp\/v2\/years?post=73031"}],"curies":[{"name":"wp","href":"https:\/\/api.w.org\/{rel}","templated":true}]}}