{"id":73064,"date":"2013-01-24T14:42:59","date_gmt":"2013-01-24T19:42:59","guid":{"rendered":"http:\/\/preprod.olympic.ca\/?p=48353"},"modified":"2013-01-24T14:42:59","modified_gmt":"2013-01-24T19:42:59","slug":"au-sujet-du-soutien-financier-accorde-par-le-gouvernement-harper-au-sport-dhiver-au-canada","status":"publish","type":"press","link":"https:\/\/preprod.olympic.ca\/olympique\/presse\/au-sujet-du-soutien-financier-accorde-par-le-gouvernement-harper-au-sport-dhiver-au-canada\/","title":{"rendered":"Au sujet du  soutien financier accord\u00e9 par le gouvernement harper au sport d\u2019hiver au canada"},"content":{"rendered":"<p><strong>TORONTO<\/strong> \u2013 Aujourd\u2019hui, le Comit\u00e9 olympique canadien a fait la d\u00e9claration suivante en reconnaissance de la g\u00e9n\u00e9rosit\u00e9 du gouvernement Harper \u00e0 l\u2019\u00e9gard des sports d\u2019hiver au Canada qui sont dans leur derni\u00e8re ann\u00e9e de pr\u00e9paration pour les Jeux olympiques d\u2019hiver de 2014 \u00e0 Sotchi.<\/p>\n<p>\u00ab Au nom du Comit\u00e9 olympique canadien, ainsi que des athl\u00e8tes, entra\u00eeneurs et f\u00e9d\u00e9rations nationales de sport que nous servons, j\u2019aimerais remercier le gouvernement Harper de son soutien ind\u00e9fectible \u00e0 l\u2019\u00e9gard de nos athl\u00e8tes olympiques et paralympiques. L\u2019annonce d\u2019aujourd\u2019hui concernant un montant additionnel de 31 millions de dollars pour 11 FNS r\u00e9gissant les sports d\u2019hiver signifie que nos meilleurs athl\u00e8tes seront en mesure de peaufiner leur entra\u00eenement avant les Jeux de Sotchi. \u00bb<br \/>\n<em>&#8211; Marcel Aubut, pr\u00e9sident, Comit\u00e9 olympique canadien<\/em><\/p>\n<p>Le gouvernement du Canada versera plus de 31 millions de dollars \u00e0 11 organismes nationaux r\u00e9gissant les sports d\u2019hiver par le biais du Programme de soutien aux athl\u00e8tes de Sport Canada. Les 11 sports qui recevront ces fonds sont les suivants : ski alpin, biathlon, bobsleigh\/skeleton\/luge, ski de fond, curling, patinage artistique, ski acrobatique, hockey sur glace, saut \u00e0 ski, surf des neiges et patinage de vitesse.<\/p>\n<p style=\"text-align:center;\">&#8211; 30 &#8211;<\/p>\n<p><strong>Bureau de presse du Comit\u00e9 olympique canadien :<\/strong><br \/>\nJane Almeida, gestionnaire, Relations avec les m\u00e9dias<br \/>\nT\u00e9l. : 416-324-4120 \/ Cell. : 416-540-1788<br \/>\nCourriel : <a href=\"mailto:jalmeida@olympic.ca\" target=\"_blank\">jalmeida@olympic.ca<\/a><\/p>\n<p>Dimitri Soudas, directeur ex\u00e9cutif, Communications<br \/>\nT\u00e9l. : 416-324-4136\/ Cell. : 289-388-6419<br \/>\nCourriel : <a href=\"mailto:dsoudas@olympic.ca\" target=\"_blank\">dsoudas@olympic.ca<\/a><\/p>\n","protected":false},"excerpt":{"rendered":"<p>TORONTO \u2013 Aujourd\u2019hui, le Comit\u00e9 olympique canadien a fait la d\u00e9claration suivante en reconnaissance de la g\u00e9n\u00e9rosit\u00e9 du gouvernement Harper&#8230;<\/p>\n","protected":false},"featured_media":0,"template":"","format":"standard","tags":[],"type-of-press":[184353519],"press-topic":[],"years":[],"class_list":["post-73064","press","type-press","status-publish","format-standard","hentry","type-of-press-declarations"],"acf":[],"yoast_head":"<!-- This site is optimized with the Yoast SEO plugin v27.3 - https:\/\/yoast.com\/product\/yoast-seo-wordpress\/ -->\n<title>Au sujet du soutien financier accord\u00e9 par le gouvernement harper au sport d\u2019hiver au canada - \u00c9quipe Canada | Site officiel de l&#039;\u00e9quipe olympique<\/title>\n<meta name=\"robots\" content=\"index, follow, max-snippet:-1, max-image-preview:large, max-video-preview:-1\" \/>\n<link rel=\"canonical\" href=\"https:\/\/preprod.olympic.ca\/olympique\/presse\/au-sujet-du-soutien-financier-accorde-par-le-gouvernement-harper-au-sport-dhiver-au-canada\/\" \/>\n<meta property=\"og:locale\" content=\"fr_FR\" \/>\n<meta property=\"og:type\" content=\"article\" \/>\n<meta property=\"og:title\" content=\"Au sujet du soutien financier accord\u00e9 par le gouvernement harper au sport d\u2019hiver au canada - \u00c9quipe Canada | Site officiel de l&#039;\u00e9quipe olympique\" \/>\n<meta property=\"og:description\" content=\"TORONTO \u2013 Aujourd\u2019hui, le Comit\u00e9 olympique canadien a fait la d\u00e9claration suivante en reconnaissance de la g\u00e9n\u00e9rosit\u00e9 du gouvernement Harper...\" \/>\n<meta property=\"og:url\" content=\"https:\/\/preprod.olympic.ca\/olympique\/presse\/au-sujet-du-soutien-financier-accorde-par-le-gouvernement-harper-au-sport-dhiver-au-canada\/\" \/>\n<meta property=\"og:site_name\" content=\"\u00c9quipe Canada | Site officiel de l&#039;\u00e9quipe olympique\" \/>\n<meta name=\"twitter:card\" content=\"summary_large_image\" \/>\n<meta name=\"twitter:label1\" content=\"Est. reading time\" \/>\n\t<meta name=\"twitter:data1\" content=\"1 minute\" \/>\n\t<meta name=\"twitter:label2\" content=\"Written by\" \/>\n\t<meta name=\"twitter:data2\" content=\"Mark Nadolny\" \/>\n<script type=\"application\/ld+json\" class=\"yoast-schema-graph\">{\"@context\":\"https:\\\/\\\/schema.org\",\"@graph\":[{\"@type\":\"WebPage\",\"@id\":\"https:\\\/\\\/preprod.olympic.ca\\\/olympique\\\/presse\\\/au-sujet-du-soutien-financier-accorde-par-le-gouvernement-harper-au-sport-dhiver-au-canada\\\/\",\"url\":\"https:\\\/\\\/preprod.olympic.ca\\\/olympique\\\/presse\\\/au-sujet-du-soutien-financier-accorde-par-le-gouvernement-harper-au-sport-dhiver-au-canada\\\/\",\"name\":\"Au sujet du soutien financier accord\u00e9 par le gouvernement harper au sport d\u2019hiver au canada - \u00c9quipe Canada | Site officiel de l&#039;\u00e9quipe olympique\",\"isPartOf\":{\"@id\":\"https:\\\/\\\/preprod.olympic.ca\\\/olympique\\\/#website\"},\"datePublished\":\"2013-01-24T19:42:59+00:00\",\"inLanguage\":\"fr-FR\",\"potentialAction\":[{\"@type\":\"ReadAction\",\"target\":[\"https:\\\/\\\/preprod.olympic.ca\\\/olympique\\\/presse\\\/au-sujet-du-soutien-financier-accorde-par-le-gouvernement-harper-au-sport-dhiver-au-canada\\\/\"]}]},{\"@type\":\"WebSite\",\"@id\":\"https:\\\/\\\/preprod.olympic.ca\\\/olympique\\\/#website\",\"url\":\"https:\\\/\\\/preprod.olympic.ca\\\/olympique\\\/\",\"name\":\"\u00c9quipe Canada | Site officiel de l&#039;\u00e9quipe olympique\",\"description\":\"Votre source pour l\u2019\u00c9quipe olympique canadienne. Retrouvez les r\u00e9cits, vid\u00e9os et photos des athl\u00e8tes canadiens, sports olympiques, Jeux olympiques de 2020 et bien plus!\",\"potentialAction\":[{\"@type\":\"SearchAction\",\"target\":{\"@type\":\"EntryPoint\",\"urlTemplate\":\"https:\\\/\\\/preprod.olympic.ca\\\/olympique\\\/?s={search_term_string}\"},\"query-input\":{\"@type\":\"PropertyValueSpecification\",\"valueRequired\":true,\"valueName\":\"search_term_string\"}}],\"inLanguage\":\"fr-FR\"}]}<\/script>\n<!-- \/ Yoast SEO plugin. -->","yoast_head_json":{"title":"Au sujet du soutien financier accord\u00e9 par le gouvernement harper au sport d\u2019hiver au canada - \u00c9quipe Canada | Site officiel de l&#039;\u00e9quipe olympique","robots":{"index":"index","follow":"follow","max-snippet":"max-snippet:-1","max-image-preview":"max-image-preview:large","max-video-preview":"max-video-preview:-1"},"canonical":"https:\/\/preprod.olympic.ca\/olympique\/presse\/au-sujet-du-soutien-financier-accorde-par-le-gouvernement-harper-au-sport-dhiver-au-canada\/","og_locale":"fr_FR","og_type":"article","og_title":"Au sujet du soutien financier accord\u00e9 par le gouvernement harper au sport d\u2019hiver au canada - \u00c9quipe Canada | Site officiel de l&#039;\u00e9quipe olympique","og_description":"TORONTO \u2013 Aujourd\u2019hui, le Comit\u00e9 olympique canadien a fait la d\u00e9claration suivante en reconnaissance de la g\u00e9n\u00e9rosit\u00e9 du gouvernement Harper...","og_url":"https:\/\/preprod.olympic.ca\/olympique\/presse\/au-sujet-du-soutien-financier-accorde-par-le-gouvernement-harper-au-sport-dhiver-au-canada\/","og_site_name":"\u00c9quipe Canada | Site officiel de l&#039;\u00e9quipe olympique","twitter_card":"summary_large_image","twitter_misc":{"Est. reading time":"1 minute","Written by":"Mark Nadolny"},"schema":{"@context":"https:\/\/schema.org","@graph":[{"@type":"WebPage","@id":"https:\/\/preprod.olympic.ca\/olympique\/presse\/au-sujet-du-soutien-financier-accorde-par-le-gouvernement-harper-au-sport-dhiver-au-canada\/","url":"https:\/\/preprod.olympic.ca\/olympique\/presse\/au-sujet-du-soutien-financier-accorde-par-le-gouvernement-harper-au-sport-dhiver-au-canada\/","name":"Au sujet du soutien financier accord\u00e9 par le gouvernement harper au sport d\u2019hiver au canada - \u00c9quipe Canada | Site officiel de l&#039;\u00e9quipe olympique","isPartOf":{"@id":"https:\/\/preprod.olympic.ca\/olympique\/#website"},"datePublished":"2013-01-24T19:42:59+00:00","inLanguage":"fr-FR","potentialAction":[{"@type":"ReadAction","target":["https:\/\/preprod.olympic.ca\/olympique\/presse\/au-sujet-du-soutien-financier-accorde-par-le-gouvernement-harper-au-sport-dhiver-au-canada\/"]}]},{"@type":"WebSite","@id":"https:\/\/preprod.olympic.ca\/olympique\/#website","url":"https:\/\/preprod.olympic.ca\/olympique\/","name":"\u00c9quipe Canada | Site officiel de l&#039;\u00e9quipe olympique","description":"Votre source pour l\u2019\u00c9quipe olympique canadienne. Retrouvez les r\u00e9cits, vid\u00e9os et photos des athl\u00e8tes canadiens, sports olympiques, Jeux olympiques de 2020 et bien plus!","potentialAction":[{"@type":"SearchAction","target":{"@type":"EntryPoint","urlTemplate":"https:\/\/preprod.olympic.ca\/olympique\/?s={search_term_string}"},"query-input":{"@type":"PropertyValueSpecification","valueRequired":true,"valueName":"search_term_string"}}],"inLanguage":"fr-FR"}]}},"jetpack_sharing_enabled":true,"_links":{"self":[{"href":"https:\/\/preprod.olympic.ca\/olympique\/wp-json\/wp\/v2\/press\/73064","targetHints":{"allow":["GET"]}}],"collection":[{"href":"https:\/\/preprod.olympic.ca\/olympique\/wp-json\/wp\/v2\/press"}],"about":[{"href":"https:\/\/preprod.olympic.ca\/olympique\/wp-json\/wp\/v2\/types\/press"}],"version-history":[{"count":0,"href":"https:\/\/preprod.olympic.ca\/olympique\/wp-json\/wp\/v2\/press\/73064\/revisions"}],"wp:attachment":[{"href":"https:\/\/preprod.olympic.ca\/olympique\/wp-json\/wp\/v2\/media?parent=73064"}],"wp:term":[{"taxonomy":"post_tag","embeddable":true,"href":"https:\/\/preprod.olympic.ca\/olympique\/wp-json\/wp\/v2\/tags?post=73064"},{"taxonomy":"type-of-press","embeddable":true,"href":"https:\/\/preprod.olympic.ca\/olympique\/wp-json\/wp\/v2\/type-of-press?post=73064"},{"taxonomy":"press-topic","embeddable":true,"href":"https:\/\/preprod.olympic.ca\/olympique\/wp-json\/wp\/v2\/press-topic?post=73064"},{"taxonomy":"years","embeddable":true,"href":"https:\/\/preprod.olympic.ca\/olympique\/wp-json\/wp\/v2\/years?post=73064"}],"curies":[{"name":"wp","href":"https:\/\/api.w.org\/{rel}","templated":true}]}}