{"id":94654,"date":"2014-05-12T10:22:35","date_gmt":"2014-05-12T14:22:35","guid":{"rendered":"http:\/\/olympique.ca\/?post_type=press&#038;p=94654"},"modified":"2017-10-05T10:38:38","modified_gmt":"2017-10-05T14:38:38","slug":"avis-aux-medias-gilmore-junio-recevra-une-medaille-commemorative","status":"publish","type":"press","link":"https:\/\/preprod.olympic.ca\/olympique\/presse\/avis-aux-medias-gilmore-junio-recevra-une-medaille-commemorative\/","title":{"rendered":"Avis aux m\u00e9dias : Gilmore Junio recevra une m\u00e9daille comm\u00e9morative"},"content":{"rendered":"<p>Le 12 mai 2014<\/p>\n<p style=\"text-align:center;\"><strong>L\u2019OLYMPIEN GILMORE JUNIO RECEVRA UNE M\u00c9DAILLE COMM\u00c9MORATIVE POUR SON ALTRUISME<\/strong><br \/>\n\u2013 La campagne de financement collectif \u00ab\u00a0Merci Gilmore\u00a0\u00bb lanc\u00e9e par Jacknife Design a donn\u00e9 l\u2019occasion aux partisans de l\u2019\u00c9quipe olympique canadienne d\u2019exprimer leur reconnaissance \u2013<\/p>\n<p style=\"text-align:left;\"><strong>TORONTO<\/strong> \u2013 L\u2019olympien canadien Gilmore Junio recevra une m\u00e9daille comm\u00e9morative sp\u00e9ciale en reconnaissance de l\u2019altruisme dont il a fait preuve en donnant sa place, \u00e0 l\u2019\u00e9preuve masculine du 1000\u00a0m de patinage de vitesse, lors des Jeux olympiques de Sotchi, \u00e0 son co\u00e9quipier Denny Morrison qui a par la suite remport\u00e9 une m\u00e9daille d\u2019argent.<\/p>\n<p>La remise de la m\u00e9daille aura lieu \u00e0 9\u00a0h \u00e0 l\u2019\u00e9cole King Edward de Kitchener, en Ontario, et sera suivie d\u2019une s\u00e9ance de photos avec l\u2019olympien.<\/p>\n<p>Il y aura une autre rencontre m\u00e9diatique \u00e0 13\u00a0h dans les locaux de Jacknife Design \u00e0 Toronto.<\/p>\n<p><strong>LES RENCONTRES M\u00c9DIATIQUES ET LES S\u00c9ANCES DE PHOTOS AURONT LIEU \u00c0 DEUX ENDROITS<\/strong><\/p>\n<p><strong>1<sup>er<\/sup> ENDROIT\u00a0: \u00c9COLE KING EDWARD, KITCHENER, ONTARIO<\/strong><br \/>\n<strong>O\u00f9\u00a0:<\/strong>\u00a0\u00a0\u00a0\u00a0\u00a0\u00a0\u00a0\u00a0\u00a0\u00a0\u00a0\u00a0\u00a0\u00a0\u00a0 709, rue King O., Kitchener (Ontario)<\/p>\n<p><strong>Quand\u00a0: \u00a0\u00a0\u00a0\u00a0\u00a0\u00a0\u00a0 <\/strong>Mercredi 14 mai 2014<\/p>\n<p>Pr\u00e9sentation de la m\u00e9daille\u00a0: 9\u00a0h<br \/>\nS\u00e9ance de photos : 9\u00a0h\u00a030<\/p>\n<p><strong>2<sup>e<\/sup> ENDROIT\u00a0: JACKNIFE DESIGN, TORONTO, ONTARIO<\/strong><br \/>\n<strong>O\u00f9\u00a0:<\/strong>\u00a0\u00a0\u00a0\u00a0\u00a0\u00a0\u00a0\u00a0\u00a0\u00a0\u00a0\u00a0\u00a0\u00a0\u00a0 401, rue Richmond O., bureau 430, Toronto (Ontario)<\/p>\n<p><strong>Quand\u00a0: \u00a0\u00a0\u00a0\u00a0\u00a0\u00a0\u00a0 <\/strong>Mercredi 14 mai 2014<\/p>\n<p><strong>Rencontre m\u00e9diatique\u00a0:<\/strong> 13\u00a0h<\/p>\n<p><strong>Quoi\u00a0:<\/strong> \u00a0\u00a0\u00a0\u00a0\u00a0\u00a0\u00a0\u00a0\u00a0\u00a0\u00a0 Honorer la g\u00e9n\u00e9rosit\u00e9 de Gilmore Junio pendant les Jeux olympiques<\/p>\n<p><strong>Qui\u00a0: \u00a0\u00a0\u00a0\u00a0\u00a0\u00a0\u00a0\u00a0\u00a0\u00a0\u00a0\u00a0\u00a0 <\/strong>Athl\u00e8te olympique\u00a0:<br \/>\nGilmore Junio, olympien des Jeux de 2014 &#8212; Patinage de vitesse longue piste<\/p>\n<p>Jacknife Design\u00a0:<br \/>\nMarawn El-Asfahani, partenaire et chef de la direction,<br \/>\nJacknife Design<br \/>\nMikey Richardson, partenaire et directeur artistique,<br \/>\nJacknife Design<br \/>\nMike Kelar, partenaire et directeur artistique, Jacknife Design<br \/>\nMichelle Hotchin, gestionnaire de projet, Jacknife Design<\/p>\n<p style=\"text-align:center;\">&#8211; 30 &#8211;<\/p>\n<p><strong>Renseignements\u00a0:\u00a0 <\/strong><a href=\"http:\/\/olympic.us5.list-manage.com\/track\/click?u=dde06d91f17f385b96c1bf095&amp;id=4b50d2149a&amp;e=86edceaf41\"><strong>www.thanksgilmore.com<\/strong><\/a><br \/>\n#thanksgilmore, @cdnhappygilmore, @JacknifeDesign<\/p>\n<p><strong>Personnes-ressources pour les m\u00e9dias sur place :<\/strong><br \/>\nJulie Venner<br \/>\nG\u00e9rante de l\u2019athl\u00e8te et gestionnaire des commandites<br \/>\nManifesto Sport Management<br \/>\nCell.\u00a0: 587-434-3432<br \/>\nCourriel\u00a0: <a href=\"mailto:Julie@manifestosport.com\">Julie@manifestosport.com<\/a><\/p>\n<p>Michelle Hotchin<br \/>\nGestionnaire de projet<br \/>\nJacknife Design<br \/>\nT\u00e9l.\u00a0: 416-646-9047<br \/>\nCell.\u00a0: 416-889-3429<br \/>\nCourriel\u00a0: <a href=\"mailto:michelle@jacknife.com\">michelle@jacknife.com<\/a><\/p>\n<p>Amy Pollitt<br \/>\nGestionnaire des affaires<br \/>\nJacknife Design<br \/>\nT\u00e9l.\u00a0: 416-646-9042<br \/>\nCell.\u00a0: 416-841-3258<br \/>\nCourriel\u00a0: <a href=\"mailto:amy@jacknifedesign.com\">amy@jacknifedesign.com<\/a><\/p>\n","protected":false},"excerpt":{"rendered":"<p>Le 12 mai 2014 L\u2019OLYMPIEN GILMORE JUNIO RECEVRA UNE M\u00c9DAILLE COMM\u00c9MORATIVE POUR SON ALTRUISME \u2013 La campagne de financement collectif&#8230;<\/p>\n","protected":false},"featured_media":0,"template":"","format":"standard","tags":[],"type-of-press":[87640050],"press-topic":[415985199],"years":[415985203],"class_list":["post-94654","press","type-press","status-publish","format-standard","hentry","type-of-press-avis-aux-medias","press-topic-sotchi-2014","years-415985203"],"acf":[],"yoast_head":"<!-- This site is optimized with the Yoast SEO plugin v27.3 - https:\/\/yoast.com\/product\/yoast-seo-wordpress\/ -->\n<title>Avis aux m\u00e9dias : Gilmore Junio recevra une m\u00e9daille comm\u00e9morative - \u00c9quipe Canada | Site officiel de l&#039;\u00e9quipe olympique<\/title>\n<meta name=\"robots\" content=\"index, follow, max-snippet:-1, max-image-preview:large, max-video-preview:-1\" \/>\n<link rel=\"canonical\" href=\"https:\/\/preprod.olympic.ca\/olympique\/presse\/avis-aux-medias-gilmore-junio-recevra-une-medaille-commemorative\/\" \/>\n<meta property=\"og:locale\" content=\"fr_FR\" \/>\n<meta property=\"og:type\" content=\"article\" \/>\n<meta property=\"og:title\" content=\"Avis aux m\u00e9dias : Gilmore Junio recevra une m\u00e9daille comm\u00e9morative - \u00c9quipe Canada | Site officiel de l&#039;\u00e9quipe olympique\" \/>\n<meta property=\"og:description\" content=\"Le 12 mai 2014 L\u2019OLYMPIEN GILMORE JUNIO RECEVRA UNE M\u00c9DAILLE COMM\u00c9MORATIVE POUR SON ALTRUISME \u2013 La campagne de financement collectif...\" \/>\n<meta property=\"og:url\" content=\"https:\/\/preprod.olympic.ca\/olympique\/presse\/avis-aux-medias-gilmore-junio-recevra-une-medaille-commemorative\/\" \/>\n<meta property=\"og:site_name\" content=\"\u00c9quipe Canada | Site officiel de l&#039;\u00e9quipe olympique\" \/>\n<meta property=\"article:modified_time\" content=\"2017-10-05T14:38:38+00:00\" \/>\n<meta name=\"twitter:card\" content=\"summary_large_image\" \/>\n<meta name=\"twitter:label1\" content=\"Est. reading time\" \/>\n\t<meta name=\"twitter:data1\" content=\"2 minutes\" \/>\n\t<meta name=\"twitter:label2\" content=\"Written by\" \/>\n\t<meta name=\"twitter:data2\" content=\"yuqingye\" \/>\n<script type=\"application\/ld+json\" class=\"yoast-schema-graph\">{\"@context\":\"https:\\\/\\\/schema.org\",\"@graph\":[{\"@type\":\"WebPage\",\"@id\":\"https:\\\/\\\/preprod.olympic.ca\\\/olympique\\\/presse\\\/avis-aux-medias-gilmore-junio-recevra-une-medaille-commemorative\\\/\",\"url\":\"https:\\\/\\\/preprod.olympic.ca\\\/olympique\\\/presse\\\/avis-aux-medias-gilmore-junio-recevra-une-medaille-commemorative\\\/\",\"name\":\"Avis aux m\u00e9dias : Gilmore Junio recevra une m\u00e9daille comm\u00e9morative - \u00c9quipe Canada | Site officiel de l&#039;\u00e9quipe olympique\",\"isPartOf\":{\"@id\":\"https:\\\/\\\/preprod.olympic.ca\\\/olympique\\\/#website\"},\"datePublished\":\"2014-05-12T14:22:35+00:00\",\"dateModified\":\"2017-10-05T14:38:38+00:00\",\"inLanguage\":\"fr-FR\",\"potentialAction\":[{\"@type\":\"ReadAction\",\"target\":[\"https:\\\/\\\/preprod.olympic.ca\\\/olympique\\\/presse\\\/avis-aux-medias-gilmore-junio-recevra-une-medaille-commemorative\\\/\"]}]},{\"@type\":\"WebSite\",\"@id\":\"https:\\\/\\\/preprod.olympic.ca\\\/olympique\\\/#website\",\"url\":\"https:\\\/\\\/preprod.olympic.ca\\\/olympique\\\/\",\"name\":\"\u00c9quipe Canada | Site officiel de l&#039;\u00e9quipe olympique\",\"description\":\"Votre source pour l\u2019\u00c9quipe olympique canadienne. Retrouvez les r\u00e9cits, vid\u00e9os et photos des athl\u00e8tes canadiens, sports olympiques, Jeux olympiques de 2020 et bien plus!\",\"potentialAction\":[{\"@type\":\"SearchAction\",\"target\":{\"@type\":\"EntryPoint\",\"urlTemplate\":\"https:\\\/\\\/preprod.olympic.ca\\\/olympique\\\/?s={search_term_string}\"},\"query-input\":{\"@type\":\"PropertyValueSpecification\",\"valueRequired\":true,\"valueName\":\"search_term_string\"}}],\"inLanguage\":\"fr-FR\"}]}<\/script>\n<!-- \/ Yoast SEO plugin. -->","yoast_head_json":{"title":"Avis aux m\u00e9dias : Gilmore Junio recevra une m\u00e9daille comm\u00e9morative - \u00c9quipe Canada | Site officiel de l&#039;\u00e9quipe olympique","robots":{"index":"index","follow":"follow","max-snippet":"max-snippet:-1","max-image-preview":"max-image-preview:large","max-video-preview":"max-video-preview:-1"},"canonical":"https:\/\/preprod.olympic.ca\/olympique\/presse\/avis-aux-medias-gilmore-junio-recevra-une-medaille-commemorative\/","og_locale":"fr_FR","og_type":"article","og_title":"Avis aux m\u00e9dias : Gilmore Junio recevra une m\u00e9daille comm\u00e9morative - \u00c9quipe Canada | Site officiel de l&#039;\u00e9quipe olympique","og_description":"Le 12 mai 2014 L\u2019OLYMPIEN GILMORE JUNIO RECEVRA UNE M\u00c9DAILLE COMM\u00c9MORATIVE POUR SON ALTRUISME \u2013 La campagne de financement collectif...","og_url":"https:\/\/preprod.olympic.ca\/olympique\/presse\/avis-aux-medias-gilmore-junio-recevra-une-medaille-commemorative\/","og_site_name":"\u00c9quipe Canada | Site officiel de l&#039;\u00e9quipe olympique","article_modified_time":"2017-10-05T14:38:38+00:00","twitter_card":"summary_large_image","twitter_misc":{"Est. reading time":"2 minutes","Written by":"yuqingye"},"schema":{"@context":"https:\/\/schema.org","@graph":[{"@type":"WebPage","@id":"https:\/\/preprod.olympic.ca\/olympique\/presse\/avis-aux-medias-gilmore-junio-recevra-une-medaille-commemorative\/","url":"https:\/\/preprod.olympic.ca\/olympique\/presse\/avis-aux-medias-gilmore-junio-recevra-une-medaille-commemorative\/","name":"Avis aux m\u00e9dias : Gilmore Junio recevra une m\u00e9daille comm\u00e9morative - \u00c9quipe Canada | Site officiel de l&#039;\u00e9quipe olympique","isPartOf":{"@id":"https:\/\/preprod.olympic.ca\/olympique\/#website"},"datePublished":"2014-05-12T14:22:35+00:00","dateModified":"2017-10-05T14:38:38+00:00","inLanguage":"fr-FR","potentialAction":[{"@type":"ReadAction","target":["https:\/\/preprod.olympic.ca\/olympique\/presse\/avis-aux-medias-gilmore-junio-recevra-une-medaille-commemorative\/"]}]},{"@type":"WebSite","@id":"https:\/\/preprod.olympic.ca\/olympique\/#website","url":"https:\/\/preprod.olympic.ca\/olympique\/","name":"\u00c9quipe Canada | Site officiel de l&#039;\u00e9quipe olympique","description":"Votre source pour l\u2019\u00c9quipe olympique canadienne. Retrouvez les r\u00e9cits, vid\u00e9os et photos des athl\u00e8tes canadiens, sports olympiques, Jeux olympiques de 2020 et bien plus!","potentialAction":[{"@type":"SearchAction","target":{"@type":"EntryPoint","urlTemplate":"https:\/\/preprod.olympic.ca\/olympique\/?s={search_term_string}"},"query-input":{"@type":"PropertyValueSpecification","valueRequired":true,"valueName":"search_term_string"}}],"inLanguage":"fr-FR"}]}},"jetpack_sharing_enabled":true,"_links":{"self":[{"href":"https:\/\/preprod.olympic.ca\/olympique\/wp-json\/wp\/v2\/press\/94654","targetHints":{"allow":["GET"]}}],"collection":[{"href":"https:\/\/preprod.olympic.ca\/olympique\/wp-json\/wp\/v2\/press"}],"about":[{"href":"https:\/\/preprod.olympic.ca\/olympique\/wp-json\/wp\/v2\/types\/press"}],"version-history":[{"count":0,"href":"https:\/\/preprod.olympic.ca\/olympique\/wp-json\/wp\/v2\/press\/94654\/revisions"}],"wp:attachment":[{"href":"https:\/\/preprod.olympic.ca\/olympique\/wp-json\/wp\/v2\/media?parent=94654"}],"wp:term":[{"taxonomy":"post_tag","embeddable":true,"href":"https:\/\/preprod.olympic.ca\/olympique\/wp-json\/wp\/v2\/tags?post=94654"},{"taxonomy":"type-of-press","embeddable":true,"href":"https:\/\/preprod.olympic.ca\/olympique\/wp-json\/wp\/v2\/type-of-press?post=94654"},{"taxonomy":"press-topic","embeddable":true,"href":"https:\/\/preprod.olympic.ca\/olympique\/wp-json\/wp\/v2\/press-topic?post=94654"},{"taxonomy":"years","embeddable":true,"href":"https:\/\/preprod.olympic.ca\/olympique\/wp-json\/wp\/v2\/years?post=94654"}],"curies":[{"name":"wp","href":"https:\/\/api.w.org\/{rel}","templated":true}]}}